{"id":9984,"date":"2023-05-25T13:16:55","date_gmt":"2023-05-25T13:16:55","guid":{"rendered":"https:\/\/factocooperativa.com\/la-contratacion-publica-responsable-una-apuesta-necesaria-desde-la-politica-municipal\/"},"modified":"2023-05-26T09:27:52","modified_gmt":"2023-05-26T09:27:52","slug":"la-contratacion-publica-responsable-una-apuesta-necesaria-desde-la-politica-municipal","status":"publish","type":"post","link":"https:\/\/factocooperativa.com\/es\/la-contratacion-publica-responsable-una-apuesta-necesaria-desde-la-politica-municipal\/","title":{"rendered":"La contrataci\u00f3n p\u00fablica responsable: una apuesta necesaria desde la pol\u00edtica municipal"},"content":{"rendered":"\t\t<div data-elementor-type=\"wp-post\" data-elementor-id=\"9984\" class=\"elementor elementor-9984 elementor-9954\">\n\t\t\t\t\t\t<section class=\"elementor-section elementor-top-section elementor-element elementor-element-900345a elementor-section-boxed elementor-section-height-default elementor-section-height-default\" data-id=\"900345a\" data-element_type=\"section\">\r\n\t\t\t\t\t\t<div class=\"elementor-container elementor-column-gap-thegem\"><div class=\"elementor-row\">\r\n\t\t\t\t\t<div class=\"elementor-column elementor-col-100 elementor-top-column elementor-element elementor-element-7511fc7\" data-id=\"7511fc7\" data-element_type=\"column\">\n\t\t\t<div class=\"elementor-widget-wrap elementor-element-populated\">\n\t\t\t\t\t\t<div class=\"elementor-element elementor-element-4f2ecc6 flex-horizontal-align-default flex-horizontal-align-tablet-default flex-horizontal-align-mobile-default flex-vertical-align-default flex-vertical-align-tablet-default flex-vertical-align-mobile-default elementor-widget elementor-widget-heading\" data-id=\"4f2ecc6\" data-element_type=\"widget\" data-widget_type=\"heading.default\">\n\t\t\t\t<div class=\"elementor-widget-container\">\n\t\t\t\t\t<h2 class=\"elementor-heading-title elementor-size-default\">LA CONTRATACI\u00d3N P\u00daBLICA RESPONSABLE<\/h2>\t\t\t\t<\/div>\n\t\t\t\t<\/div>\n\t\t\t\t<div class=\"elementor-element elementor-element-ad5329c flex-horizontal-align-default flex-horizontal-align-tablet-default flex-horizontal-align-mobile-default flex-vertical-align-default flex-vertical-align-tablet-default flex-vertical-align-mobile-default elementor-widget elementor-widget-text-editor\" data-id=\"ad5329c\" data-element_type=\"widget\" data-widget_type=\"text-editor.default\">\n\t\t\t\t<div class=\"elementor-widget-container\">\n\t\t\t\t\t\t\t\t\t\t\t\t<div class=\"elementor-text-editor elementor-clearfix\">\r\n\t\t\t\t\t\t<h4>UNA APUESTA NECESARIA DESDE LA POL\u00cdTICA MUNICIPAL<\/h4>\n\t\t\t\t\t\t\t<\/div>\r\n\t\t\t\t\t\t\t\t\t\t<\/div>\n\t\t\t\t<\/div>\n\t\t\t\t\t<\/div>\n\t\t<\/div>\n\t\t\t\t\t<\/div><\/div>\r\n\t\t<\/section>\r\n\t\t\t\t<section class=\"elementor-section elementor-top-section elementor-element elementor-element-aafb185 elementor-section-stretched elementor-section-boxed elementor-section-height-default elementor-section-height-default\" data-id=\"aafb185\" data-element_type=\"section\" data-settings=\"{&quot;stretch_section&quot;:&quot;section-stretched&quot;,&quot;background_background&quot;:&quot;classic&quot;}\">\r\n\t\t\t\t\t\t<div class=\"elementor-container elementor-column-gap-thegem\"><div class=\"elementor-row\">\r\n\t\t\t\t\t<div class=\"elementor-column elementor-col-50 elementor-top-column elementor-element elementor-element-ad173a9\" data-id=\"ad173a9\" data-element_type=\"column\" data-settings=\"{&quot;background_background&quot;:&quot;classic&quot;}\">\n\t\t\t<div class=\"elementor-widget-wrap elementor-element-populated\">\n\t\t\t\t\t\t<div class=\"elementor-element elementor-element-50e4d4a flex-horizontal-align-default flex-horizontal-align-tablet-default flex-horizontal-align-mobile-default flex-vertical-align-default flex-vertical-align-tablet-default flex-vertical-align-mobile-default elementor-widget elementor-widget-thegem-icon\" data-id=\"50e4d4a\" data-element_type=\"widget\" data-settings=\"{&quot;thegem_elementor_preset&quot;:&quot;circle&quot;}\" data-widget_type=\"thegem-icon.default\">\n\t\t\t\t<div class=\"elementor-widget-container\">\n\t\t\t\t\t\t\t\t\t<div class=\"left-box icon-inline-position\">\n\n\t\t\t\t<a role=\"button\" aria-label=\"Read more\">\n\n\t\t\t\t<div class=\"gem-icon gem-icon-pack-fontawesome gem-icon-size-medium  gem-icon-shape-circle \">\n\n\t\t\t\t\n\t\t\t\t<div class=\"gem-icon-inner\">\n\n\t\t\t\t\n\t\t\t\t\t\t\t\t\t<div class=\"padding-box-inner\">\n\t\t\t\t\n\n\t\t\t\t\t\t\t\t\t<span class=\"gem-icon-half-1\"><span class=\"back-angle\">\n\t\t\t\t\t<i aria-hidden=\"true\" class=\"fas fa-exclamation-circle\"><\/i>\t\t\t\t\t<\/span><\/span>\n\t\t\t\t\t<span class=\"gem-icon-half-2\"><span class=\"back-angle\">\n\t\t\t\t\t<i aria-hidden=\"true\" class=\"fas fa-exclamation-circle\"><\/i>\t\t\t\t\t<\/span><\/span>\n\t\t\t\t\n\t\t\t\t<\/div>\n\n\t\t\t\t\n\t\t\t\t\t\t\t\t\t<\/div>\n\t\t\t\t\n\t\t\t\t<\/div>\n\n\t\t\t\t<\/a>\n\n\t\t\t\t<\/div>\n\t\t\t\t\t\t\t<\/div>\n\t\t\t\t<\/div>\n\t\t\t\t<div class=\"elementor-element elementor-element-ba41c4a flex-horizontal-align-default flex-horizontal-align-tablet-default flex-horizontal-align-mobile-default flex-vertical-align-default flex-vertical-align-tablet-default flex-vertical-align-mobile-default elementor-invisible elementor-widget elementor-widget-text-editor\" data-id=\"ba41c4a\" data-element_type=\"widget\" data-settings=\"{&quot;_animation&quot;:&quot;fadeInUp&quot;}\" data-widget_type=\"text-editor.default\">\n\t\t\t\t<div class=\"elementor-widget-container\">\n\t\t\t\t\t\t\t\t\t\t\t\t<div class=\"elementor-text-editor elementor-clearfix\">\r\n\t\t\t\t\t\t<p>La contrataci\u00f3n p\u00fablica municipal destaca en Catalu\u00f1a, representando <b>el 60% de las adjudicaciones<\/b>. Propuestas de la ESS como las de la <strong><a href=\"https:\/\/xes.cat\/\" target=\"_blank\" rel=\"noopener\">Red de Econom\u00eda Solidaria (XES)<\/a><\/strong> y la <strong><a href=\"https:\/\/www.cooperativestreball.coop\/\" target=\"_blank\" rel=\"noopener\">Federaci\u00f3n de Cooperativas de Trabajo de Catalunya (FCTC)<\/a><\/strong> impulsan la contrataci\u00f3n p\u00fablica responsable. Es vital implementar estrategias en l\u00ednea con la ley de contratos del sector p\u00fablico para favorecer la ESS. <\/p>\n<p>Facto Cooperativa ofrece asesoramiento especializado y conocimiento normativo para fomentar la Compra P\u00fablica Responsable.<\/p>\n\t\t\t\t\t\t\t<\/div>\r\n\t\t\t\t\t\t\t\t\t\t<\/div>\n\t\t\t\t<\/div>\n\t\t\t\t\t<\/div>\n\t\t<\/div>\n\t\t\t\t<div class=\"elementor-column elementor-col-50 elementor-top-column elementor-element elementor-element-bf1baf6\" data-id=\"bf1baf6\" data-element_type=\"column\" data-settings=\"{&quot;background_background&quot;:&quot;classic&quot;}\">\n\t\t\t<div class=\"elementor-widget-wrap\">\n\t\t\t\t\t\t\t<\/div>\n\t\t<\/div>\n\t\t\t\t\t<\/div><\/div>\r\n\t\t<\/section>\r\n\t\t\t\t<section class=\"elementor-section elementor-top-section elementor-element elementor-element-53dc858 elementor-section-boxed elementor-section-height-default elementor-section-height-default\" data-id=\"53dc858\" data-element_type=\"section\">\r\n\t\t\t\t\t\t<div class=\"elementor-container elementor-column-gap-thegem\"><div class=\"elementor-row\">\r\n\t\t\t\t\t<div class=\"elementor-column elementor-col-100 elementor-top-column elementor-element elementor-element-f1565ae\" data-id=\"f1565ae\" data-element_type=\"column\">\n\t\t\t<div class=\"elementor-widget-wrap elementor-element-populated\">\n\t\t\t\t\t\t<div class=\"elementor-element elementor-element-78db57b flex-horizontal-align-default flex-horizontal-align-tablet-default flex-horizontal-align-mobile-default flex-vertical-align-default flex-vertical-align-tablet-default flex-vertical-align-mobile-default elementor-widget elementor-widget-text-editor\" data-id=\"78db57b\" data-element_type=\"widget\" data-widget_type=\"text-editor.default\">\n\t\t\t\t<div class=\"elementor-widget-container\">\n\t\t\t\t\t\t\t\t\t\t\t\t<div class=\"elementor-text-editor elementor-clearfix\">\r\n\t\t\t\t\t\t<p>Catalu\u00f1a destaca por su naturaleza municipalista, y esta realidad se refleja en la contrataci\u00f3n p\u00fablica promovida por las administraciones locales. Durante el 2022, el 60% de las adjudicaciones y formalizaciones de contratos en Catalu\u00f1a fueron realizadas por entidades locales. A nivel estatal, el conjunto de administraciones catalanas representa el 19% de las licitaciones impulsadas por entidades locales.<\/p>\n<p>Estos datos ponen de manifiesto <strong>la importancia del papel de las administraciones locales en la contrataci\u00f3n p\u00fablica<\/strong> y como, mediante una apuesta pol\u00edtica, se puede desarrollar un sistema de contrataci\u00f3n que no solo promueva, sino que impulse la responsabilidad social.<\/p>\n<p>En este contexto electoral, varios actores representativos han propuesto medidas dirigidas a los partidos pol\u00edticos para fomentar la econom\u00eda social y solidaria (ESS). El documento <strong><a href=\"https:\/\/xes.cat\/2023\/03\/16\/la-xes-interpella-els-partits-politics-abans-del-28m-aposteu-de-debo-per-leconomia-social-i-solidaria-al-vostre-municipi-2023-2026\/\" target=\"_blank\" rel=\"noopener\">\u201dApost\u00e1is de verdad por la econom\u00eda social en vuestro municipio (2023-2026)\u201d<\/a><\/strong>, elaborado por la <strong>Red de Econom\u00eda Solidaria (XES<\/strong>), compilaci\u00f3n 14 propuestas para impulsar la contrataci\u00f3n p\u00fablica responsable y solidaria. Entre estas propuestas, se plantea que los ayuntamientos promuevan gu\u00edas de contrataci\u00f3n, apuesten por la contrataci\u00f3n reservada, fomenten la participaci\u00f3n de las organizaciones de la ESS en licitaciones e incrementen la consideraci\u00f3n de los criterios ASG (Ambientales, Sociales y de Gobernanza).<\/p>\n<p>Por otro lado, la <strong>Federaci\u00f3n de Cooperativas de Trabajo de Catalu\u00f1a (FCTC)<\/strong> propone <strong><a href=\"https:\/\/www.cooperativestreball.coop\/index.php\/noticia\/eleccions-municipals-maig-2023-les-nostres-propostes\" target=\"_blank\" rel=\"noopener\">10 medidas por cooperativizar los municipios con propuestas concretas<\/a><\/strong> que incluyen la contrataci\u00f3n p\u00fablica responsable y la concertaci\u00f3n p\u00fablico-social. Las cooperativas tienen un compromiso efectivo con la generaci\u00f3n de ocupaci\u00f3n de calidad, el desarrollo local y el impacto social.<\/p>\n<p>Hay que destacar que todas estas propuestas ponen \u00e9nfasis en el despliegue de estrategias en consonancia con el marco normativo actual. La ley de contratos del sector p\u00fablico (LSCP 9\/2017), en l\u00ednea con las directrices europeas, estipula la necesidad que los \u00f3rganos de contrataci\u00f3n <strong>faciliten el acceso a la contrataci\u00f3n p\u00fablica para las PYMES y la ESS<\/strong>, as\u00ed como la incorporaci\u00f3n transversal y perceptiva de criterios sociales y medioambientales en los procedimientos de contrataci\u00f3n, priorizando la mejor relaci\u00f3n calidad-precio o coste-eficiencia como principio rector para seleccionar las ofertas y buscar proveedores.<\/p>\n<p><img class=\"alignnone wp-image-9969 size-full\" src=\"https:\/\/factocooperativa.com\/wp-content\/uploads\/2023\/05\/CPR_web_ok.jpg\" alt=\"\" width=\"1422\" height=\"948\" srcset=\"https:\/\/factocooperativa.com\/wp-content\/uploads\/2023\/05\/CPR_web_ok.jpg 1422w, https:\/\/factocooperativa.com\/wp-content\/uploads\/2023\/05\/CPR_web_ok-300x200.jpg 300w, https:\/\/factocooperativa.com\/wp-content\/uploads\/2023\/05\/CPR_web_ok-1024x683.jpg 1024w, https:\/\/factocooperativa.com\/wp-content\/uploads\/2023\/05\/CPR_web_ok-768x512.jpg 768w\" sizes=\"(max-width: 1422px) 100vw, 1422px\" \/><\/p>\n<\/p>\n<p>En Catalu\u00f1a, la contrataci\u00f3n p\u00fablica representa el 30% del gasto p\u00fablico, lo cual demuestra la gran responsabilidad de las administraciones locales y el potencial para implementar pol\u00edticas transformadoras mediante la contrataci\u00f3n p\u00fablica. Propuestas como las de la XES o la FCTC son de vital importancia para que las administraciones locales apuesten firmemente para continuar desplegando estrategias de Compra P\u00fablica Responsable.<\/p>\n<p>Desde nuestra cooperativa instamos a fomentar el di\u00e1logo p\u00fablico-privado entre las administraciones y la ESS mediante instrumentos como la consulta preliminar al mercado, mejorando el conocimiento de las administraciones sobre la oferta de las organizaciones de la ESS, ofreciendo formaci\u00f3n y recursos para facilitar su participaci\u00f3n, dise\u00f1ando procedimientos y criterios de evaluaci\u00f3n de licitaciones que realmente favorezcan la competencia (mediante lotes en los contratos, requisitos de solvencia adecuados a la naturaleza y volumen de las organizaciones) y priorizando la relaci\u00f3n calidad-precio mediante la incorporaci\u00f3n de criterios sociales, ambientales, de igualdad y comercio justo, entre otros.<\/p>\n<p>Finalmente, creemos que en este contexto, los nuevos consistorios tienen que hacer una <strong>apuesta pol\u00edtica decidida y comprometida por la reserva de contratos<\/strong>, puesto que este mecanismo permite garantizar que solo las iniciativas de la ESS puedan ser licitadoras potenciales, tanto a trav\u00e9s de la reserva para Empresas de Inserci\u00f3n y Centros Especiales de Trabajo de iniciativa social como para organizaciones de la ESS (DA 48\u00aa de la LSCP).<\/p>\n<p>En este contexto de promoci\u00f3n de la contrataci\u00f3n p\u00fablica, responsable y solidaria, Facto Cooperativa se presenta como un aliado imprescindible. Con nuestra amplia experiencia en el \u00e1mbito de la econom\u00eda social y solidaria, estamos preparados para ayudaros en el proceso de licitaci\u00f3n.<\/p>\n<p>Con un equipo profesional especializado, ofrecemos <strong>asesoramiento personalizado y orientaci\u00f3n estrat\u00e9gica para conseguir que vuestras propuestas sean competitivas y encajen en los criterios de valoraci\u00f3n de las licitaciones<\/strong>. Adem\u00e1s, contamos con un amplio conocimiento de las normativas y requisitos legales vigentes, lo cual nos permite garantizar que el proceso de contrataci\u00f3n se realice de manera eficiente y en l\u00ednea con los principios de responsabilidad social y ambiental.<\/p>\n<p>Y si dese\u00e1is impulsar la <a href=\"https:\/\/comprapublicaresponsable.cat\/\" target=\"_blank\" rel=\"noopener\"><b>Compra P\u00fablica Responsable en vuestro municipio, poneos en contacto con nosotros<\/b><\/a>. Estaremos encantados de trabajar de la mano con vosotros para <strong>conseguir un cambio real y transformador mediante la contrataci\u00f3n p\u00fablica<\/strong>.<\/p>\n\t\t\t\t\t\t\t<\/div>\r\n\t\t\t\t\t\t\t\t\t\t<\/div>\n\t\t\t\t<\/div>\n\t\t\t\t\t<\/div>\n\t\t<\/div>\n\t\t\t\t\t<\/div><\/div>\r\n\t\t<\/section>\r\n\t\t\t\t<\/div>\n\t\t","protected":false},"excerpt":{"rendered":"<p>La contrataci\u00f3n p\u00fablica municipal destaca en Catalu\u00f1a, representando el 60% de las adjudicaciones. Es vital implementar estrategias en l\u00ednea con la ley de contratos del sector p\u00fablico para favorecer la ESS.<\/p>\n","protected":false},"author":1,"featured_media":9970,"comment_status":"closed","ping_status":"closed","sticky":false,"template":"","format":"standard","meta":{"footnotes":""},"categories":[73,155,164,158],"tags":[],"class_list":{"0":"post-9984","1":"post","2":"type-post","3":"status-publish","4":"format-standard","5":"has-post-thumbnail","7":"category-consultoria","8":"category-emprendimiento","9":"category-formacion","10":"category-legislacion"},"menu_order":0,"_links":{"self":[{"href":"https:\/\/factocooperativa.com\/es\/wp-json\/wp\/v2\/posts\/9984","targetHints":{"allow":["GET"]}}],"collection":[{"href":"https:\/\/factocooperativa.com\/es\/wp-json\/wp\/v2\/posts"}],"about":[{"href":"https:\/\/factocooperativa.com\/es\/wp-json\/wp\/v2\/types\/post"}],"author":[{"embeddable":true,"href":"https:\/\/factocooperativa.com\/es\/wp-json\/wp\/v2\/users\/1"}],"replies":[{"embeddable":true,"href":"https:\/\/factocooperativa.com\/es\/wp-json\/wp\/v2\/comments?post=9984"}],"version-history":[{"count":0,"href":"https:\/\/factocooperativa.com\/es\/wp-json\/wp\/v2\/posts\/9984\/revisions"}],"wp:featuredmedia":[{"embeddable":true,"href":"https:\/\/factocooperativa.com\/es\/wp-json\/wp\/v2\/media\/9970"}],"wp:attachment":[{"href":"https:\/\/factocooperativa.com\/es\/wp-json\/wp\/v2\/media?parent=9984"}],"wp:term":[{"taxonomy":"category","embeddable":true,"href":"https:\/\/factocooperativa.com\/es\/wp-json\/wp\/v2\/categories?post=9984"},{"taxonomy":"post_tag","embeddable":true,"href":"https:\/\/factocooperativa.com\/es\/wp-json\/wp\/v2\/tags?post=9984"}],"curies":[{"name":"wp","href":"https:\/\/api.w.org\/{rel}","templated":true}]}}