{"id":7962,"date":"2023-02-13T11:55:08","date_gmt":"2023-02-13T11:55:08","guid":{"rendered":"https:\/\/factocooperativa.com\/convocatoria-de-ayudas-por-el-impulso-de-la-economia-social\/"},"modified":"2023-03-13T13:28:14","modified_gmt":"2023-03-13T13:28:14","slug":"convocatoria-de-ayudas-por-el-impulso-de-la-economia-social","status":"publish","type":"post","link":"https:\/\/factocooperativa.com\/es\/convocatoria-de-ayudas-por-el-impulso-de-la-economia-social\/","title":{"rendered":"CONVOCATORIA DE AYUDAS POR EL IMPULSO DE LA ECONOM\u00cdA SOCIAL"},"content":{"rendered":"\t\t<div data-elementor-type=\"wp-post\" data-elementor-id=\"7962\" class=\"elementor elementor-7962 elementor-4353\">\n\t\t\t\t\t\t<section class=\"elementor-section elementor-top-section elementor-element elementor-element-5d15e2b elementor-section-boxed elementor-section-height-default elementor-section-height-default\" data-id=\"5d15e2b\" data-element_type=\"section\">\r\n\t\t\t\t\t\t<div class=\"elementor-container elementor-column-gap-thegem\"><div class=\"elementor-row\">\r\n\t\t\t\t\t<div class=\"elementor-column elementor-col-100 elementor-top-column elementor-element elementor-element-9c6b399\" data-id=\"9c6b399\" data-element_type=\"column\">\n\t\t\t<div class=\"elementor-widget-wrap elementor-element-populated\">\n\t\t\t\t\t\t<div class=\"elementor-element elementor-element-34ffcfc flex-horizontal-align-default flex-horizontal-align-tablet-default flex-horizontal-align-mobile-default flex-vertical-align-default flex-vertical-align-tablet-default flex-vertical-align-mobile-default elementor-invisible elementor-widget elementor-widget-text-editor\" data-id=\"34ffcfc\" data-element_type=\"widget\" data-settings=\"{&quot;_animation&quot;:&quot;fadeInUp&quot;}\" data-widget_type=\"text-editor.default\">\n\t\t\t\t<div class=\"elementor-widget-container\">\n\t\t\t\t\t\t\t\t\t\t\t\t<div class=\"elementor-text-editor elementor-clearfix\">\r\n\t\t\t\t\t\t<div class=\"theme-content false\">\n<div class=\"contingut-superior\">\n<div class=\"files vc_col-md-6\">\n<h2 class=\"titol-recurs\">CONVOCATORIA DE AYUDAS PARA EL IMPULSO DE LA ECONOM\u00cdA SOCIAL<\/h2>\n<p>El <a href=\"https:\/\/www.mites.gob.es\/es\/perte\/index.htm\" target=\"_blank\" rel=\"noopener\">Ministerio de Trabajo y Econom\u00eda Social<\/a> ha publicado la convocatoria de ayudas por el impulso de la Econom\u00eda Social con un presupuesto de 99,34 millones para proyectos de \u00e1mbito nacional (que se desarrollen en, al menos, dos comunidades aut\u00f3nomas) .<\/p>\n<h3>\u00bfQui\u00e9n puede ser beneficiario?<\/h3>\n<ul>\n<li>Entidades representativas de cooperativas, sociedades laborales, empresas de inserci\u00f3n y cualquier otra entidad de la Econom\u00eda Social.<\/li>\n<li>Entidades de la ESS.<\/li>\n<li>Agrupaciones de personas jur\u00eddicas (p\u00fablicas y privadas).<\/li>\n<\/ul>\n<h3>\u00bfQu\u00e9 tipolog\u00eda de proyectos se subvencionan?<\/h3>\n<p>La convocatoria contempla 5 programas con distintas actividades. Los programas son:<\/p>\n<p>Programa 1: TRANSFORMA_ES: para proyectos enfocados en la generaci\u00f3n y mantenimiento de trabajo en empresas viables que est\u00e9n atravesando dificultades o sin relieve generacional actual o previsible, mediante su transformaci\u00f3n en f\u00f3rmulas de la econom\u00eda social.<\/p>\n<p>Programa 2: INICIATIVA_ES: para proyectos de creaci\u00f3n y consolidaci\u00f3n de entidades de la econom\u00eda social con car\u00e1cter innovador y con incidencia en el relevo generacional y el emprendimiento juvenil.<\/p>\n<p>Programa 3: IMPULSA_TEC: destinado a proyectos de apoyo a la modernizaci\u00f3n tecnol\u00f3gica de empresas de econom\u00eda social mediante la creaci\u00f3n de plataformas digitales, automatizaci\u00f3n de procesos y uso de herramientas tecnol\u00f3gicas con el fin de mejorar el bienestar de la ciudadan\u00eda, especialmente en zonas rurales.<\/p>\n<p>Programa 4: ALIANZAS_ES: proyectos de promoci\u00f3n de redes de cooperativas, sociedades laborales y otras f\u00f3rmulas de la econom\u00eda social acompa\u00f1adas de medidas para ofrecer nuevos servicios integrales a la sociedad.<\/p>\n<p>Programa 5: SOSTENIBLE_ES: proyectos de impulso a transiciones sostenibles e inclusivas de empresas del eco<br>ci\u00f3n social y focalizadas en la atenci\u00f3n de colectivos en situaci\u00f3n de vulnerabilidad.<\/p>\n<\/div>\n<\/div>\n<\/div>\t\t\t\t\t\t\t<\/div>\r\n\t\t\t\t\t\t\t\t\t\t<\/div>\n\t\t\t\t<\/div>\n\t\t\t\t<div class=\"elementor-element elementor-element-0fc8e30 flex-horizontal-align-default flex-horizontal-align-tablet-default flex-horizontal-align-mobile-default flex-vertical-align-default flex-vertical-align-tablet-default flex-vertical-align-mobile-default elementor-invisible elementor-widget elementor-widget-image\" data-id=\"0fc8e30\" data-element_type=\"widget\" data-settings=\"{&quot;_animation&quot;:&quot;fadeInUp&quot;}\" data-widget_type=\"image.default\">\n\t\t\t\t<div class=\"elementor-widget-container\">\n\t\t\t\t\t\t\t\t\t\t\t\t\t\t\t<img width=\"1290\" height=\"860\" src=\"https:\/\/factocooperativa.com\/wp-content\/uploads\/2023\/02\/impuls_ESS.jpg\" class=\"attachment-full size-full wp-image-7425\" alt=\"\" srcset=\"https:\/\/factocooperativa.com\/wp-content\/uploads\/2023\/02\/impuls_ESS.jpg 1290w, https:\/\/factocooperativa.com\/wp-content\/uploads\/2023\/02\/impuls_ESS-300x200.jpg 300w, https:\/\/factocooperativa.com\/wp-content\/uploads\/2023\/02\/impuls_ESS-1024x683.jpg 1024w, https:\/\/factocooperativa.com\/wp-content\/uploads\/2023\/02\/impuls_ESS-768x512.jpg 768w\" sizes=\"(max-width: 1290px) 100vw, 1290px\" \/>\t\t\t\t\t\t\t\t\t\t\t\t\t\t\t<\/div>\n\t\t\t\t<\/div>\n\t\t\t\t<div class=\"elementor-element elementor-element-c91fe61 flex-horizontal-align-default flex-horizontal-align-tablet-default flex-horizontal-align-mobile-default flex-vertical-align-default flex-vertical-align-tablet-default flex-vertical-align-mobile-default elementor-invisible elementor-widget elementor-widget-text-editor\" data-id=\"c91fe61\" data-element_type=\"widget\" data-settings=\"{&quot;_animation&quot;:&quot;fadeInUp&quot;}\" data-widget_type=\"text-editor.default\">\n\t\t\t\t<div class=\"elementor-widget-container\">\n\t\t\t\t\t\t\t\t\t\t\t\t<div class=\"elementor-text-editor elementor-clearfix\">\r\n\t\t\t\t\t\t<h3>\u00bfCu\u00e1l es la temporalidad de estos proyectos?<\/h3>\n<p>Los proyectos pueden ejecutarse desde la fecha de presentaci\u00f3n de la solicitud hasta el 31 de octubre de 2023.<\/p>\n<h3>\u00bfCu\u00e1l es el importe subvencionable?<\/h3>\n<p>A partir de 50.000\u20ac y hasta 3.500.000\u20ac. Esta subvenci\u00f3n cubrir\u00e1 hasta el 50% del coste subvencionable del proyecto para PYMES y un 15% para grandes empresas.<\/p>\n<h3>Plazo de presentaci\u00f3n de las solicitudes<\/h3>\n<p>Del 16 de diciembre de 2022 al 16 de enero de 2023.<\/p>\n<p>Le dejamos el enlace de la convocatoria y le recordamos que Facto ofrece un <strong><a href=\"https:\/\/facto.cat\/portfolio-posts\/servei_subvencions\/\" target=\"_blank\" rel=\"noopener\">servicio integral de subvenciones<\/a><\/strong> donde puede, pedir asesoramiento para esta u otras convocatorias.<\/p>\n<p>Enlace convocatoria: <strong><a href=\"https:\/\/www.boe.es\/diario_boe\/txt.php?id=BOE-A-2022-21173\" target=\"_blank\" rel=\"noopener\">https:\/\/www.boe.es\/diario_boe\/txt.php?id=BOE-A-2022-21173<\/a><\/strong><\/p>\n<p>Si desea ampliar la informaci\u00f3n sobre la convocatoria o el servicio de Facto, nos puede escribir a <a href=\"mailto:subvencions@facto.cat\">subvencions@facto.cat<\/a><\/p>\n\t\t\t\t\t\t\t<\/div>\r\n\t\t\t\t\t\t\t\t\t\t<\/div>\n\t\t\t\t<\/div>\n\t\t\t\t\t<\/div>\n\t\t<\/div>\n\t\t\t\t\t<\/div><\/div>\r\n\t\t<\/section>\r\n\t\t\t\t<\/div>\n\t\t","protected":false},"excerpt":{"rendered":"<p>El Ministerio de Trabajo y Econom\u00eda Social ha publicado la convocatoria de ayudas por el impulso de la Econom\u00eda Social con un presupuesto de 99,34 millones para proyectos de \u00e1mbito nacional (que se desarrollen en, al menos, dos comunidades aut\u00f3nomas) .<\/p>\n","protected":false},"author":1,"featured_media":7425,"comment_status":"closed","ping_status":"closed","sticky":false,"template":"","format":"standard","meta":{"footnotes":""},"categories":[155,153],"tags":[],"class_list":{"0":"post-7962","1":"post","2":"type-post","3":"status-publish","4":"format-standard","5":"has-post-thumbnail","7":"category-emprendimiento","8":"category-subvenciones-y-ayudas"},"menu_order":0,"_links":{"self":[{"href":"https:\/\/factocooperativa.com\/es\/wp-json\/wp\/v2\/posts\/7962","targetHints":{"allow":["GET"]}}],"collection":[{"href":"https:\/\/factocooperativa.com\/es\/wp-json\/wp\/v2\/posts"}],"about":[{"href":"https:\/\/factocooperativa.com\/es\/wp-json\/wp\/v2\/types\/post"}],"author":[{"embeddable":true,"href":"https:\/\/factocooperativa.com\/es\/wp-json\/wp\/v2\/users\/1"}],"replies":[{"embeddable":true,"href":"https:\/\/factocooperativa.com\/es\/wp-json\/wp\/v2\/comments?post=7962"}],"version-history":[{"count":0,"href":"https:\/\/factocooperativa.com\/es\/wp-json\/wp\/v2\/posts\/7962\/revisions"}],"wp:featuredmedia":[{"embeddable":true,"href":"https:\/\/factocooperativa.com\/es\/wp-json\/wp\/v2\/media\/7425"}],"wp:attachment":[{"href":"https:\/\/factocooperativa.com\/es\/wp-json\/wp\/v2\/media?parent=7962"}],"wp:term":[{"taxonomy":"category","embeddable":true,"href":"https:\/\/factocooperativa.com\/es\/wp-json\/wp\/v2\/categories?post=7962"},{"taxonomy":"post_tag","embeddable":true,"href":"https:\/\/factocooperativa.com\/es\/wp-json\/wp\/v2\/tags?post=7962"}],"curies":[{"name":"wp","href":"https:\/\/api.w.org\/{rel}","templated":true}]}}