{"id":7945,"date":"2023-02-13T12:51:33","date_gmt":"2023-02-13T12:51:33","guid":{"rendered":"https:\/\/factocooperativa.com\/subvenciones-y-ayudas-por-la-vivienda-2023\/"},"modified":"2023-03-20T11:11:38","modified_gmt":"2023-03-20T11:11:38","slug":"subvenciones-y-ayudas-por-la-vivienda-2023","status":"publish","type":"post","link":"https:\/\/factocooperativa.com\/es\/subvenciones-y-ayudas-por-la-vivienda-2023\/","title":{"rendered":"SUBVENCIONES Y AYUDAS PARA LA VIVIENDA 2023"},"content":{"rendered":"\t\t<div data-elementor-type=\"wp-post\" data-elementor-id=\"7945\" class=\"elementor elementor-7945 elementor-4394\">\n\t\t\t\t\t\t<section class=\"elementor-section elementor-top-section elementor-element elementor-element-5d15e2b elementor-section-boxed elementor-section-height-default elementor-section-height-default\" data-id=\"5d15e2b\" data-element_type=\"section\">\r\n\t\t\t\t\t\t<div class=\"elementor-container elementor-column-gap-thegem\"><div class=\"elementor-row\">\r\n\t\t\t\t\t<div class=\"elementor-column elementor-col-100 elementor-top-column elementor-element elementor-element-9c6b399\" data-id=\"9c6b399\" data-element_type=\"column\">\n\t\t\t<div class=\"elementor-widget-wrap elementor-element-populated\">\n\t\t\t\t\t\t<div class=\"elementor-element elementor-element-12f5a2c flex-horizontal-align-default flex-horizontal-align-tablet-default flex-horizontal-align-mobile-default flex-vertical-align-default flex-vertical-align-tablet-default flex-vertical-align-mobile-default elementor-invisible elementor-widget elementor-widget-text-editor\" data-id=\"12f5a2c\" data-element_type=\"widget\" data-settings=\"{&quot;_animation&quot;:&quot;fadeInUp&quot;}\" data-widget_type=\"text-editor.default\">\n\t\t\t\t<div class=\"elementor-widget-container\">\n\t\t\t\t\t\t\t\t\t\t\t\t<div class=\"elementor-text-editor elementor-clearfix\">\r\n\t\t\t\t\t\t<h2 class=\"page-title \">SUBVENCIONES Y AYUDAS PARA LA VIVIENDA 2023<\/h2>\n<p>Se adjunta una recopilaci\u00f3n de subvenciones que hacen referencia a la vivienda. Esperamos que le haga servicio.<\/p>\n<p><br><\/p>\n<table>\n<tbody>\n<tr style=\"background-color: #eff1f2;\">\n<td><strong>TIPO DE AYUDA<\/strong><\/td>\n<td><strong>ESTADO<\/strong><\/td>\n<td><strong>IMPORTE DE LA SUBVENCI\u00d3N<\/strong><\/td>\n<td><strong>ENLACE<\/strong><\/td>\n<\/tr>\n<tr>\n<td>Prestaciones econ\u00f3micas de especial urgencia para vivienda. Por el pago de cuotas de amortizaci\u00f3n o rentas de alquiler.<\/td>\n<td>Activo<\/td>\n<td>\n<p>Desde 400 \u20ac a 800 \u20ac (seg\u00fan zona)\/mes.<\/p>\n<p>L\u00edmites: 4500 \u20ac alquiler; p\u00e9rdida de vivienda: 3600 \u20ac<\/p>\n<\/td>\n<td><a href=\"https:\/\/dogc.gencat.cat\/ca\/document-del-dogc\/?documentId=891643\" target=\"_blank\" rel=\"noopener\">Ir a la subvenci\u00f3n<\/a><\/td>\n<\/tr>\n<tr>\n<td>Subvenciones del coste del alquiler de viviendas obtenidas del mercado privado.<\/td>\n<td>Del 13\/12\/2022 al 30\/09\/2023<\/td>\n<td>Desde 600 \u20ac a 900 \u20ac (seg\u00fan zona)\/mes<\/td>\n<td><a href=\"https:\/\/dogc.gencat.cat\/ca\/document-del-dogc\/?documentId=939304\" target=\"_blank\" rel=\"noopener\">Ir a la subvenci\u00f3n<\/a><\/td>\n<\/tr>\n<tr>\n<td>Subvenciones de accesibilidad para personas mayores<\/td>\n<td>Del 29\/11\/2022 al 31\/01\/2023<\/td>\n<td>6000 \u20ac (el l\u00edmite puede ser superior dependiendo de la situaci\u00f3n)<\/td>\n<td><a href=\"https:\/\/dogc.gencat.cat\/ca\/document-del-dogc\/?documentId=939259\" target=\"_blank\" rel=\"noopener\">Ir a la subvenci\u00f3n<\/a><\/td>\n<\/tr>\n<tr>\n<td>Prestaciones permanentes para el pago del alquiler<\/td>\n<td>Activo<\/td>\n<td>De 20 \u20ac a 240 \u20ac<\/td>\n<td><a href=\"https:\/\/habitatge.gencat.cat\/ca\/ambits\/convocatories-ajuts-habitatge\/Prestacions_lloguer\/\" target=\"_blank\" rel=\"noopener\">Ir a la subvenci\u00f3n<\/a><\/td>\n<\/tr>\n<tr>\n<td>Ayudas destinadas a la promoci\u00f3n de las cooperativas de viviendas en cesi\u00f3n de uso (HABITATCOOP)<\/td>\n<td>Del 01\/11\/2022 al 31\/10\/2023<\/td>\n<td>5.000 euros por socio usuario o unidad de convivencia, con el l\u00edmite de 125.000 euros por proyecto.<\/td>\n<td><a href=\"https:\/\/portaljuridic.gencat.cat\/ca\/document-del-pjur\/?documentId=914948\" target=\"_blank\" rel=\"noopener\">Ir a la subvenci\u00f3n<\/a><\/td>\n<\/tr>\n<tr>\n<td>Programa de ayudas a las actuaciones de mejora de la EFICIENCIA ENERG\u00c9TICA en VIVIENDAS<\/td>\n<td>Alta hasta el 30\/06\/2026<\/td>\n<td>40% del coste de la actuaci\u00f3n, con un tope m\u00e1ximo de 3.000\u20ac. El coste m\u00ednimo de la actuaci\u00f3n ser\u00e1 igual o superior a 1.000 euros por vivienda.<\/td>\n<td><a href=\"https:\/\/www.cmh.cat\/web\/cmh\/ajuts\/ajuts-fons-next-generation\/habitatges\" target=\"_blank\" rel=\"noopener\">Ir a la subvenci\u00f3n<\/a><\/td>\n<\/tr>\n<tr>\n<td>Programa de ayudas a las actuaciones de rehabilitaci\u00f3n <span class=\"hiddenGreenError\">a nivel de<\/span> EDIFICIO: Todas las actuaciones de mejora o rehabilitaci\u00f3n de edificios de uso predominante residencial de vivienda, siempre que se obtenga como m\u00ednimo una reducci\u00f3n del 30% del consumo de energ\u00eda primaria no renovable, referida a la certificaci\u00f3n energ\u00e9tica.<\/td>\n<td>Alta hasta el 30\/06\/2026<\/td>\n<td>De 6.300 \u20ac a 18.800 \u20ac<\/td>\n<td><a href=\"https:\/\/www.cmh.cat\/web\/cmh\/ajuts\/ajuts-fons-next-generation\/edificis\" target=\"_blank\" rel=\"noopener\">Ir a la subvenci\u00f3n<\/a><\/td>\n<\/tr>\n<tr>\n<td>Plan Estatal de acceso a la vivienda 2022-2025: 13 programas de ayuda<\/td>\n<td>2022 \u2013 2025<\/td>\n<td>Ver all\u00e1<\/td>\n<td><a href=\"https:\/\/www.mitma.gob.es\/vivienda\/plan-estatal-de-vivienda\/plan-2022-2025\/objetivos-a-corto-plazo\" target=\"_blank\" rel=\"noopener\">Ir a la subvenci\u00f3n<\/a><\/td>\n<\/tr>\n<\/tbody>\n<\/table>\n<p><br><\/p>\n<p>Si tiene cualquier pregunta o necesita ayuda, no dude en pedirnos informaci\u00f3n a <a href=\"mailto:info@facto.cat\"><strong>info@facto.cat<\/strong><\/a> .<\/p>\t\t\t\t\t\t\t<\/div>\r\n\t\t\t\t\t\t\t\t\t\t<\/div>\n\t\t\t\t<\/div>\n\t\t\t\t\t<\/div>\n\t\t<\/div>\n\t\t\t\t\t<\/div><\/div>\r\n\t\t<\/section>\r\n\t\t\t\t<\/div>\n\t\t","protected":false},"excerpt":{"rendered":"<p>Aqu\u00ed ten\u00e9is una recopilaci\u00f3n de subvenciones que hacen referencia a la vivienda. Esperamos que os sea \u00fatil.<\/p>\n","protected":false},"author":1,"featured_media":7441,"comment_status":"closed","ping_status":"closed","sticky":false,"template":"single-fullwidth.php","format":"standard","meta":{"footnotes":""},"categories":[155,153],"tags":[],"class_list":{"0":"post-7945","1":"post","2":"type-post","3":"status-publish","4":"format-standard","5":"has-post-thumbnail","7":"category-emprendimiento","8":"category-subvenciones-y-ayudas"},"menu_order":0,"_links":{"self":[{"href":"https:\/\/factocooperativa.com\/es\/wp-json\/wp\/v2\/posts\/7945","targetHints":{"allow":["GET"]}}],"collection":[{"href":"https:\/\/factocooperativa.com\/es\/wp-json\/wp\/v2\/posts"}],"about":[{"href":"https:\/\/factocooperativa.com\/es\/wp-json\/wp\/v2\/types\/post"}],"author":[{"embeddable":true,"href":"https:\/\/factocooperativa.com\/es\/wp-json\/wp\/v2\/users\/1"}],"replies":[{"embeddable":true,"href":"https:\/\/factocooperativa.com\/es\/wp-json\/wp\/v2\/comments?post=7945"}],"version-history":[{"count":0,"href":"https:\/\/factocooperativa.com\/es\/wp-json\/wp\/v2\/posts\/7945\/revisions"}],"wp:featuredmedia":[{"embeddable":true,"href":"https:\/\/factocooperativa.com\/es\/wp-json\/wp\/v2\/media\/7441"}],"wp:attachment":[{"href":"https:\/\/factocooperativa.com\/es\/wp-json\/wp\/v2\/media?parent=7945"}],"wp:term":[{"taxonomy":"category","embeddable":true,"href":"https:\/\/factocooperativa.com\/es\/wp-json\/wp\/v2\/categories?post=7945"},{"taxonomy":"post_tag","embeddable":true,"href":"https:\/\/factocooperativa.com\/es\/wp-json\/wp\/v2\/tags?post=7945"}],"curies":[{"name":"wp","href":"https:\/\/api.w.org\/{rel}","templated":true}]}}