{"id":7859,"date":"2023-02-09T11:33:08","date_gmt":"2023-02-09T11:33:08","guid":{"rendered":"https:\/\/factocooperativa.com\/subvenciones-del-programa-empleo-transformacion\/"},"modified":"2023-03-13T13:09:04","modified_gmt":"2023-03-13T13:09:04","slug":"subvenciones-del-programa-empleo-transformacion","status":"publish","type":"post","link":"https:\/\/factocooperativa.com\/es\/subvenciones-del-programa-empleo-transformacion\/","title":{"rendered":"SUBVENCIONES DEL PROGRAMA \u00abEMPLEO + TRANSFORMACI\u00d3N\u00bb"},"content":{"rendered":"\t\t<div data-elementor-type=\"wp-post\" data-elementor-id=\"7859\" class=\"elementor elementor-7859 elementor-4250\">\n\t\t\t\t\t\t<section class=\"elementor-section elementor-top-section elementor-element elementor-element-5d15e2b elementor-section-boxed elementor-section-height-default elementor-section-height-default\" data-id=\"5d15e2b\" data-element_type=\"section\">\r\n\t\t\t\t\t\t<div class=\"elementor-container elementor-column-gap-thegem\"><div class=\"elementor-row\">\r\n\t\t\t\t\t<div class=\"elementor-column elementor-col-100 elementor-top-column elementor-element elementor-element-9c6b399\" data-id=\"9c6b399\" data-element_type=\"column\">\n\t\t\t<div class=\"elementor-widget-wrap elementor-element-populated\">\n\t\t\t\t\t\t<div class=\"elementor-element elementor-element-34ffcfc flex-horizontal-align-default flex-horizontal-align-tablet-default flex-horizontal-align-mobile-default flex-vertical-align-default flex-vertical-align-tablet-default flex-vertical-align-mobile-default elementor-invisible elementor-widget elementor-widget-text-editor\" data-id=\"34ffcfc\" data-element_type=\"widget\" data-settings=\"{&quot;_animation&quot;:&quot;fadeInUp&quot;}\" data-widget_type=\"text-editor.default\">\n\t\t\t\t<div class=\"elementor-widget-container\">\n\t\t\t\t\t\t\t\t\t\t\t\t<div class=\"elementor-text-editor elementor-clearfix\">\r\n\t\t\t\t\t\t<h2>SUBVENCIONES DEL PROGRAMA \u00abEMPLEO + TRANSFORMACI\u00d3N\u00bb<\/h2>\n<p>El Departamento de Empresa y Trabajo ha convocado un nuevo programa de ayudas, el Programa \u201cEmpleo + Transformaci\u00f3n\u201d con el objetivo de apoyar el mantenimiento del empleo y facilitar la transici\u00f3n hacia la econom\u00eda verde o la digitalizaci\u00f3n.<\/p>\n<h6>\u00bfQu\u00e9 se subvenciona?<\/h6>\n<p>La subvenci\u00f3n cubre, en parte, los costes salariales de las trabajadoras, trabajadoras aut\u00f3nomas o socias trabajadoras (en caso de cooperativas y sociedades laborales) de las entidades beneficiarias mientras que \u00e9stas se comprometen a realizar acciones de car\u00e1cter formativo en una de las l\u00edneas objeto de la subvenci\u00f3n:<\/p>\n<p>L\u00ednea 1 &#8211; mantenimiento del empleo + realizaci\u00f3n de una acci\u00f3n para facilitar la transici\u00f3n productiva de su actividad hacia la econom\u00eda verde. <\/p>\n<p>L\u00ednea 2 &#8211; mantenimiento del empleo + realizaci\u00f3n de una acci\u00f3n para facilitar la transici\u00f3n productiva de su actividad hacia la econom\u00eda digital.<\/p>\n<p>Las acciones formativas deben llevarse a cabo en un per\u00edodo m\u00e1ximo de seis meses a contar desde el d\u00eda siguiente de la notificaci\u00f3n de la resoluci\u00f3n de otorgamiento de la ayuda y tendr\u00e1n que tener una duraci\u00f3n m\u00ednima de 10 h de formaci\u00f3n.<b> Desde Facto, ofrecemos el servicio de tramitaci\u00f3n de la ayuda y, adem\u00e1s, ponemos a su disposici\u00f3n un paquete formativo para cumplir con las 10 h formativas obligatorias en materia de digitalizaci\u00f3n para justificar la subvenci\u00f3n.<\/b><\/p>\n<h6> <\/h6>\n<h6>\u00bfQui\u00e9n puede presentarse?<\/h6>\n<ul>\n<li aria-level=\"1\">Personas trabajadoras aut\u00f3nomas.<\/li>\n<li aria-level=\"1\">Microempresas con cualquier forma jur\u00eddica que tengan entre 1 y 5 personas trabajadoras asalariadas en el momento de solicitud de la ayuda. <\/li>\n<li aria-level=\"1\">Cooperativas y sociedades laborales que tengan hasta 5 socios trabajadores en el momento de la solicitud de la ayuda.<\/li>\n<\/ul>\n<p>Las beneficiarias tendr\u00e1n que tener al menos un centro de trabajo en Catalu\u00f1a y el volumen de negocio anual del \u00faltimo ejercicio disponible no podr\u00e1 ser superior a 2 millones de euros.<\/p>\n<p>En todos los casos, la fecha de inicio de la actividad empresarial ser\u00e1 anterior o igual al 1 de diciembre de 2020.<\/p>\n<h6> <\/h6>\n<h6>Requisitos<\/h6>\n<ul>\n<li aria-level=\"1\">Mantenimiento del empleo durante un m\u00ednimo de 6 meses <\/li>\n<li aria-level=\"1\">Realizaci\u00f3n de una acci\u00f3n formativa para facilitar la transici\u00f3n productiva de su actividad hacia la econom\u00eda verde o la econom\u00eda digital.<\/li>\n<\/ul>\n<h6> <\/h6>\n<h6>Plazo de presentaci\u00f3n de solicitudes:<\/h6>\n<p>del 6 de julio a las 9 h. <b>hasta el 27 de julio a las 15 h.<\/b><\/p>\n<h6> <\/h6>\n<h6>Cuant\u00eda de la subvenci\u00f3n:<\/h6>\n<p>M\u00e1ximo de 5.000 \u20ac<\/p>\n<p>Para ampliar la informaci\u00f3n puede consultar la web del tr\u00e1mite: <a href=\"https:\/\/canalempresa.gencat.cat\/ca\/integraciodepartamentaltramit\/tramit\/PerTemes\/Subvencions-programa-ocupacio-transformacio\" target=\"_blank\" rel=\"noopener\">https:\/\/canalempresa.gencat.cat\/ca\/integraciodepartamentaltramit\/tramit\/PerTemes\/Subvencions-programa-ocupacio-transformacio<\/a><\/p>\n<p>Si necesita ayuda con la convocatoria, puede escribirnos a <a href=\"mailto:subvencions@facto.cat\">subvenciones@facto.cat<\/a><\/p>\n\t\t\t\t\t\t\t<\/div>\r\n\t\t\t\t\t\t\t\t\t\t<\/div>\n\t\t\t\t<\/div>\n\t\t\t\t\t<\/div>\n\t\t<\/div>\n\t\t\t\t\t<\/div><\/div>\r\n\t\t<\/section>\r\n\t\t\t\t<\/div>\n\t\t","protected":false},"excerpt":{"rendered":"<p>El Departamento de Empresa y Trabajo ha convocado un nuevo programa de ayudas, el Programa \u201cEmpleo + Transformaci\u00f3n\u201d con el objetivo de apoyar el mantenimiento del empleo y facilitar la transici\u00f3n hacia la econom\u00eda verde o la digitalizaci\u00f3n.<\/p>\n","protected":false},"author":1,"featured_media":7397,"comment_status":"closed","ping_status":"closed","sticky":false,"template":"","format":"standard","meta":{"footnotes":""},"categories":[164,154,153],"tags":[],"class_list":{"0":"post-7859","1":"post","2":"type-post","3":"status-publish","4":"format-standard","5":"has-post-thumbnail","7":"category-formacion","8":"category-innovacion","9":"category-subvenciones-y-ayudas"},"menu_order":0,"_links":{"self":[{"href":"https:\/\/factocooperativa.com\/es\/wp-json\/wp\/v2\/posts\/7859","targetHints":{"allow":["GET"]}}],"collection":[{"href":"https:\/\/factocooperativa.com\/es\/wp-json\/wp\/v2\/posts"}],"about":[{"href":"https:\/\/factocooperativa.com\/es\/wp-json\/wp\/v2\/types\/post"}],"author":[{"embeddable":true,"href":"https:\/\/factocooperativa.com\/es\/wp-json\/wp\/v2\/users\/1"}],"replies":[{"embeddable":true,"href":"https:\/\/factocooperativa.com\/es\/wp-json\/wp\/v2\/comments?post=7859"}],"version-history":[{"count":0,"href":"https:\/\/factocooperativa.com\/es\/wp-json\/wp\/v2\/posts\/7859\/revisions"}],"wp:featuredmedia":[{"embeddable":true,"href":"https:\/\/factocooperativa.com\/es\/wp-json\/wp\/v2\/media\/7397"}],"wp:attachment":[{"href":"https:\/\/factocooperativa.com\/es\/wp-json\/wp\/v2\/media?parent=7859"}],"wp:term":[{"taxonomy":"category","embeddable":true,"href":"https:\/\/factocooperativa.com\/es\/wp-json\/wp\/v2\/categories?post=7859"},{"taxonomy":"post_tag","embeddable":true,"href":"https:\/\/factocooperativa.com\/es\/wp-json\/wp\/v2\/tags?post=7859"}],"curies":[{"name":"wp","href":"https:\/\/api.w.org\/{rel}","templated":true}]}}