{"id":7846,"date":"2023-02-07T16:29:13","date_gmt":"2023-02-07T16:29:13","guid":{"rendered":"https:\/\/factocooperativa.com\/la-situacion-economica-y-patrimonial-de-la-cooperativa-en-situacion-post-pandemia-indicadores-y-metricas-clave\/"},"modified":"2023-03-13T11:21:55","modified_gmt":"2023-03-13T11:21:55","slug":"la-situacion-economica-y-patrimonial-de-la-cooperativa-en-situacion-post-pandemia-indicadores-y-metricas-clave","status":"publish","type":"post","link":"https:\/\/factocooperativa.com\/es\/la-situacion-economica-y-patrimonial-de-la-cooperativa-en-situacion-post-pandemia-indicadores-y-metricas-clave\/","title":{"rendered":"LA SITUACI\u00d3N ECON\u00d3MICA Y PATRIMONIAL DE LA COOPERATIVA EN SITUACI\u00d3N POST-PANDEMIA. INDICADORES Y M\u00c9TRICAS CLAVE"},"content":{"rendered":"\t\t<div data-elementor-type=\"wp-post\" data-elementor-id=\"7846\" class=\"elementor elementor-7846 elementor-4082\">\n\t\t\t\t\t\t<section class=\"elementor-section elementor-top-section elementor-element elementor-element-5d15e2b elementor-section-boxed elementor-section-height-default elementor-section-height-default\" data-id=\"5d15e2b\" data-element_type=\"section\">\r\n\t\t\t\t\t\t<div class=\"elementor-container elementor-column-gap-thegem\"><div class=\"elementor-row\">\r\n\t\t\t\t\t<div class=\"elementor-column elementor-col-100 elementor-top-column elementor-element elementor-element-9c6b399\" data-id=\"9c6b399\" data-element_type=\"column\">\n\t\t\t<div class=\"elementor-widget-wrap elementor-element-populated\">\n\t\t\t\t\t\t<div class=\"elementor-element elementor-element-c91fe61 flex-horizontal-align-default flex-horizontal-align-tablet-default flex-horizontal-align-mobile-default flex-vertical-align-default flex-vertical-align-tablet-default flex-vertical-align-mobile-default elementor-invisible elementor-widget elementor-widget-text-editor\" data-id=\"c91fe61\" data-element_type=\"widget\" data-settings=\"{&quot;_animation&quot;:&quot;fadeInUp&quot;}\" data-widget_type=\"text-editor.default\">\n\t\t\t\t<div class=\"elementor-widget-container\">\n\t\t\t\t\t\t\t\t\t\t\t\t<div class=\"elementor-text-editor elementor-clearfix\">\r\n\t\t\t\t\t\t<div class=\"wpb_row vc_row vc_row-fluid mk-fullwidth-false attched-false js-master-row mk-grid mk-in-viewport\" data-mk-stretch-content=\"true\">\n<div class=\"vc_col-sm-12 wpb_column column_container _ height-full\">\n<div class=\" vc_custom_1621938870655\">\n<div id=\"text-block-3\" class=\"mk-text-block \">\n<h2 class=\"titol-recurs\">LA SITUACI\u00d3N ECON\u00d3MICA Y PATRIMONIAL DE LA COOPERATIVA EN SITUACI\u00d3N POST-PANDEMIA. INDICADORES Y M\u00c9TRICAS CLAVE<\/h2>\n<h5>SITUACI\u00d3N ECON\u00d3MICA POST-COVID<\/h5>\n<p>M\u00e1s all\u00e1 del impacto que la COVID ha tenido en la vida de las personas, la pandemia tambi\u00e9n ha supuesto un duro golpe para las empresas y el empleo. A\u00fan as\u00ed, los gobiernos europeos han reaccionado de forma muy diferente respecto a la crisis financiera iniciada en 2008, impulsando esta vez medidas para paliar su impacto, donde sobre todo destacan en el caso de Espa\u00f1a la adaptaci\u00f3n de los Expedientes de Regulaci\u00f3n Temporal de Empleo (ERTO).<\/p>\n<p>Esta situaci\u00f3n puede tener un gran impacto en tres grandes ejes:<\/p>\n<p><strong>Disminuci\u00f3n de la producci\u00f3n<\/strong><\/p>\n<p>La producci\u00f3n global, pero principalmente la asi\u00e1tica, se ha visto afectada por cierres de parte de su industria y ralentizaci\u00f3n en el crecimiento econ\u00f3mico y productivo. Como uno de los principales exportadores, pero tambi\u00e9n uno de los principales inversores a nivel global, lo que ocurre en Asia genera una reacci\u00f3n en cadena en todo el mundo.<\/p>\n<p><strong>Interrupci\u00f3n de la importaci\u00f3n y exportaci\u00f3n de suministros industriales b\u00e1sicos<\/strong><\/p>\n<p>Aunque el sector servicios ha ganado mucho terreno en los pa\u00edses desarrollados, la industria sigue suponiendo un elemento importante en la producci\u00f3n, y sobre todo en el empleo generado. En el caso de Espa\u00f1a, tenemos el ejemplo de la industria del autom\u00f3vil. Muchos de estos productores est\u00e1n viendo detenidas sus l\u00edneas, debido a la falta de suministros y componentes que en su mayor\u00eda provienen de Asia y concretamente de China. El impacto es tan elevado que podemos notarlo en cosas tan evidentes como la imposibilidad de comprar una bicicleta nueva desde hace meses, o el retraso en la entrega de coches nuevos en m\u00e1s de 4 meses. Esta \u00faltima con consecuencias tan graves como el ERTO aplicado por SEAT, que afectar\u00e1 a 1.276 personas al d\u00eda y que proviene de una reducci\u00f3n de las ventas mundiales del 18%, por esta carencia de suministros.<\/p>\n<p><strong>Repercusiones en la financiaci\u00f3n empresarial<\/strong><\/p>\n<p>Las interrupciones temporales de la producci\u00f3n han generado evidentes tensiones en las empresas y consecuentemente en la vida de las personas. Pero una de las repercusiones a largo plazo que puede tener la pandemia a nivel empresarial es la dificultad de buscar y encontrar financiaci\u00f3n. El sostenimiento de una parte de los gastos estructurales mientras la producci\u00f3n estaba detenida, ha generado grandes tensiones en la liquidez. Aparte de eso, un a\u00f1o y medio en blanco como el que hemos vivido, dejan muy tocados los balances de las empresas. Esto genera una valoraci\u00f3n negativa de los financiadores, que tienen una aversi\u00f3n al riesgo superior a per\u00edodos hist\u00f3ricos anteriores. Por eso, muchos gobiernos europeos han tomado medidas tales como avalar una parte de la nueva deuda bancaria contra\u00edda durante la pandemia, como \u00fanica manera de generar confianza y mantener en marcha un sector financiero que ve\u00eda bien negro su entorno y que no se quer\u00eda poner en riesgo a s\u00ed mismo.<\/p>\n<p>Por tanto, vemos que la COVID-19 ha golpeado en todos los \u00e1mbitos de la sociedad. Este elemento ha llevado a muchas personas a ver la necesidad de encontrar una soluci\u00f3n integral que priorice la condici\u00f3n humana. \u00c9sta es una de las razones por la que la Econom\u00eda Social ha cogido fuerza en el imaginario colectivo como alternativa para frenar el impacto generado por esta crisis.<\/p>\n<p>Desde esa perspectiva, se busca una redefinici\u00f3n de los procesos productivos en los que la \u00fanica finalidad no sea el incremento de los beneficios, sino la promoci\u00f3n de la sostenibilidad econ\u00f3mica, social y medioambiental.<\/p>\n<\/div>\n<\/div>\n<\/div>\n<\/div>\n\t\t\t\t\t\t\t<\/div>\r\n\t\t\t\t\t\t\t\t\t\t<\/div>\n\t\t\t\t<\/div>\n\t\t\t\t<div class=\"elementor-element elementor-element-9c41ca9 flex-horizontal-align-default flex-horizontal-align-tablet-default flex-horizontal-align-mobile-default flex-vertical-align-default flex-vertical-align-tablet-default flex-vertical-align-mobile-default elementor-invisible elementor-widget elementor-widget-image\" data-id=\"9c41ca9\" data-element_type=\"widget\" data-settings=\"{&quot;_animation&quot;:&quot;fadeInUp&quot;}\" data-widget_type=\"image.default\">\n\t\t\t\t<div class=\"elementor-widget-container\">\n\t\t\t\t\t\t\t\t\t\t\t\t\t\t\t<img width=\"1290\" height=\"860\" src=\"https:\/\/factocooperativa.com\/wp-content\/uploads\/2023\/02\/metriques_economia_cooperativa.jpg\" class=\"attachment-full size-full wp-image-7355\" alt=\"\" srcset=\"https:\/\/factocooperativa.com\/wp-content\/uploads\/2023\/02\/metriques_economia_cooperativa.jpg 1290w, https:\/\/factocooperativa.com\/wp-content\/uploads\/2023\/02\/metriques_economia_cooperativa-300x200.jpg 300w, https:\/\/factocooperativa.com\/wp-content\/uploads\/2023\/02\/metriques_economia_cooperativa-1024x683.jpg 1024w, https:\/\/factocooperativa.com\/wp-content\/uploads\/2023\/02\/metriques_economia_cooperativa-768x512.jpg 768w\" sizes=\"(max-width: 1290px) 100vw, 1290px\" \/>\t\t\t\t\t\t\t\t\t\t\t\t\t\t\t<\/div>\n\t\t\t\t<\/div>\n\t\t\t\t<div class=\"elementor-element elementor-element-3adc3a8 flex-horizontal-align-default flex-horizontal-align-tablet-default flex-horizontal-align-mobile-default flex-vertical-align-default flex-vertical-align-tablet-default flex-vertical-align-mobile-default elementor-invisible elementor-widget elementor-widget-text-editor\" data-id=\"3adc3a8\" data-element_type=\"widget\" data-settings=\"{&quot;_animation&quot;:&quot;fadeInUp&quot;}\" data-widget_type=\"text-editor.default\">\n\t\t\t\t<div class=\"elementor-widget-container\">\n\t\t\t\t\t\t\t\t\t\t\t\t<div class=\"elementor-text-editor elementor-clearfix\">\r\n\t\t\t\t\t\t<h5>M\u00c9TRICAS CLAVE<\/h5>\n<p><strong>Ingresos prepandemia \/ actuales<\/strong><\/p>\n<p>Analizar y comparar los ingresos de la organizaci\u00f3n en diferentes per\u00edodos de tiempo es clave para obtener informaci\u00f3n de la evoluci\u00f3n y el estado de la organizaci\u00f3n. La m\u00e9trica \u201cingresos prepandemia\/actuales\u201d sirve para obtener estos datos. Mediante este indicador, podemos ver cu\u00e1l ha sido el impacto de la crisis sanitaria en la actividad y c\u00f3mo ha repercutido en el volumen de facturaci\u00f3n (aumentado, reducido o mantenido).<\/p>\n<p>El bar\u00f3metro cooperativo 2020 afirma que el 75% de las cooperativas han disminuido su facturaci\u00f3n a causa de la pandemia. Una reducci\u00f3n de ingresos repercute directamente en la organizaci\u00f3n afectando a diferentes \u00e1reas de trabajo como por ejemplo, en la producci\u00f3n, ya que habr\u00e1 materias primas y recursos de personal destinados a la producci\u00f3n de un bien o servicio que finalmente no se llevar\u00e1 a cabo, tambi\u00e9n afecta a la estructura de costes porque deben cubrirse unos gastos fijos que no dependen de los ingresos, entre otros. Utilizando este indicador, las organizaciones pueden detectar los cambios de volumen de facturaci\u00f3n con antelaci\u00f3n, por lo que tendr\u00e1n la posibilidad de preparar un plan de acci\u00f3n para poder trabajarlo y tomar medidas en todos los \u00e1mbitos de afectaci\u00f3n, garantizando as\u00ed la sostenibilidad del proyecto.<\/p>\n<p><strong>% presupuesto ejecutado<\/strong><\/p>\n<p>Una de las m\u00e9tricas m\u00e1s importantes que podemos analizar para ver cu\u00e1l es el estado de la organizaci\u00f3n y qu\u00e9 impacto ha generado la Covid en la actividad es revisar y comparar el porcentaje del presupuesto que realmente se est\u00e1 ejecutando respecto a la planificaci\u00f3n que se hab\u00eda hecho.<\/p>\n<p>El presupuesto nos sirve para establecer objetivos, marcar prioridades y tomar decisiones. Sin embargo, si lo trabajamos de forma fija bas\u00e1ndonos en los resultados del a\u00f1o anterior sin realizar revisiones peri\u00f3dicas, dif\u00edcilmente ser\u00e1 una herramienta \u00fatil. En cambio, si lo hacemos con un presupuesto variable, podremos medir y analizar c\u00f3mo se est\u00e1 desarrollando la actividad ya partir de ah\u00ed detectar con mayor facilidad si existen puntos cr\u00edticos y poder tomar decisiones.<\/p>\n<p>Mediante el seguimiento presupuestario y las revisiones peri\u00f3dicas, podemos conocer el nivel de ingresos y llevar un control de los gastos, efectivo y gesti\u00f3n. Esta informaci\u00f3n nos permite analizar m\u00e1s en profundidad las consecuencias de la pandemia, obteniendo una visi\u00f3n integral de la compa\u00f1\u00eda que nos dar\u00e1 paso a planificar y realizar cambios estrat\u00e9gicos si es necesario.<\/p>\n<p>Un gran n\u00famero de cooperativas y entidades de la econom\u00eda social han tenido que detener parcial o totalmente su actividad. Esto significa que se ha producido una ca\u00edda de ingresos que impacta en toda la organizaci\u00f3n. Cuando hacemos una planificaci\u00f3n, contamos con unos recursos (materiales, econ\u00f3micos, de personal\u2026) para el desarrollo de la actividad, si \u00e9sta se detiene, los ingresos tambi\u00e9n y, por tanto, los recursos que se hab\u00edan previsto destinar en esta l\u00ednea quedan bloqueados.<\/p>\n<p>Uno de los gastos que m\u00e1s impactan en el presupuesto son los de personal. Pongamos el ejemplo de que una organizaci\u00f3n a principios de a\u00f1o planifica una estructura de personal para cubrir el 100% de su actividad. En el momento que se declara el estado de alarma, la actividad queda parada parcialmente y se reduce al 40%, por tanto, el 60% de gasto de personal que se hab\u00eda previsto a inicio de a\u00f1o no se podr\u00e1 cubrir con los ingresos.<\/p>\n<p>Ante esta situaci\u00f3n, la organizaci\u00f3n tiene dos opciones:<\/p>\n<ul>\n<li>Recortar gastos de personal<\/li>\n<li>Reinventar la estrategia y redistribuir los recursos de personal<\/li>\n<\/ul>\n<p>Como ya se ha visto en otras ocasiones, el cooperativismo y la econom\u00eda social se muestra m\u00e1s resiliente ante situaciones de crisis. Por eso, desde este sector apostamos por la segunda opci\u00f3n que consiste en ver cu\u00e1les son los recursos de personal con los que cuenta la organizaci\u00f3n y de qu\u00e9 manera se pueden incluir para generar nuevo valor dentro de la empresa y mantener el empleabilidad.<\/p>\n<p>Con este ejemplo, podemos ver que si no se hace un seguimiento presupuestario, los ingresos y los gastos quedan bloqueados durante todo el a\u00f1o y dif\u00edcilmente podremos detectar qu\u00e9 problem\u00e1ticas tiene la organizaci\u00f3n y qu\u00e9 cambios se deben hacer para garantizar la sostenibilidad y supervivencia de \u00e9sta.<\/p>\n<h6>SITUACI\u00d3N FINANCIERA Y TENSIONES DE TESORER\u00cdA<\/h6>\n<p>Siguiendo con las m\u00e9tricas clave nos encontramos con el <strong>control financiero<\/strong> . Se trata de una m\u00e9trica que hay que trabajar de forma proactiva, en lugar de dejar que la realidad de nuestra tesorer\u00eda nos ponga en situaciones poco deseadas como no poder pagar nuestras obligaciones con proveedores y sobre todo trabajadores.<\/p>\n<p>El an\u00e1lisis financiero debe realizarse de forma paralela al an\u00e1lisis econ\u00f3mico y presupuestario comentado en los \u00faltimos p\u00e1rrafos. La herramienta b\u00e1sica de control financiero son los planes de tesorer\u00eda, semanales o mensuales, y la detecci\u00f3n prematura de puntos de riesgo de falta de liquidez, que son aquellos puntos en los que la cantidad prevista de tesorer\u00eda (en efectivo o en cuentas bancarias) se acerca peligrosamente a 0\u20ac o incluso prev\u00e9 una situaci\u00f3n de liquidez negativa.<\/p>\n<p>De forma reactiva las soluciones que podemos ofrecer son pocas: reducir los gastos previstos, reestructurar la organizaci\u00f3n (lo que probablemente afectar\u00e1 a las personas contratadas) y negociar una p\u00f3liza de cr\u00e9dito con entidades financieras como Fiare o Coop57, presentando un plan de viabilidad y los ajustes necesarios.<\/p>\n<p>En cambio de forma proactiva, llevando un control de tesorer\u00eda constante a meses vista, podemos detectar aquellos puntos de tensi\u00f3n y negociar con proveedores o clientes plazos de pago\/cobro, a la vez que tambi\u00e9n podemos negociar con entidades financieras p\u00f3lizas de cr\u00e9dito con menor angustia.<\/p>\n<h6>CONCLUSI\u00d3N Y POSIBLES SOLUCIONES<\/h6>\n<p>Ante esta situaci\u00f3n es necesario plantearnos posibles v\u00edas para reconducir la situaci\u00f3n econ\u00f3mica de nuestras cooperativas y entidades a una situaci\u00f3n con m\u00e1s herramientas para garantizar la sostenibilidad de nuestros proyectos. En este art\u00edculo expondremos dos de estas herramientas, la <strong>innovaci\u00f3n socioecon\u00f3mica<\/strong> (m\u00e1s enfocada en aprovechar las oportunidades externas) y <strong>la mejora de procesos internos a trav\u00e9s de tecnolog\u00eda<\/strong> .<\/p>\n<p>Estas herramientas tienen en com\u00fan la necesidad de un cambio substancial en la cultura organizativa de nuestras entidades.<\/p>\n<p><strong>Innovaci\u00f3n socioecon\u00f3mica como respuesta<\/strong><\/p>\n<p>Una vez reconocidas las situaciones actuales en las que nos encontramos y las oportunidades que podemos perseguir es necesario crear proyectos creativos de intraemprendimiento y nuevas l\u00edneas de negocio, o bien de escala de las l\u00edneas actuales desde una perspectiva de innovaci\u00f3n social. A trav\u00e9s de las siguientes etapas: conocimiento del problema (diagn\u00f3stico e investigaci\u00f3n), ideaci\u00f3n (mentalidad abierta, pensamiento lateral) y prototipado iterativo (experimentaci\u00f3n, cocreaci\u00f3n de la soluci\u00f3n y testaje).<\/p>\n<p><strong>Mejora de procesos y tecnolog\u00eda<\/strong><\/p>\n<p>Por \u00faltimo hay que mirar en el interior de nuestras entidades y cooperativas y respondernos a la siguiente pregunta: \u201cPodr\u00edamos gestionar mejor nuestro d\u00eda a d\u00eda para dedicar m\u00e1s tiempo a trabajos de alto valor a\u00f1adido y menos a procesos repetitivos (pero necesarios )?\u201d.<\/p>\n<p>Existen diferentes alternativas para mejorar nuestros procesos internos, desde la intercooperaci\u00f3n para externalizar algunos de estos procesos a entidades especializadas, como pueden ser centros especiales de trabajo, hasta la digitalizaci\u00f3n de los procesos internos, pasando por cambios en el modelo organizativo y de gesti\u00f3n.<\/p>\n<p><strong>\u00bfY qu\u00e9 procesos internos podemos mejorar?<br \/><\/strong><br \/>A continuaci\u00f3n le proponemos que se hagan las siguientes preguntas para detectar puntos de mejora en sus procesos:<\/p>\n<ul>\n<li><strong>Comunicaci\u00f3n interna<\/strong> .<br \/>\u00bfTenemos herramientas de comunicaci\u00f3n interna segmentada por cada tarea, proyecto u oportunidad? \u00bfUtilizamos canales de comunicaci\u00f3n espec\u00edficos o seguimos con el gestor de correo electr\u00f3nico generalista? \u00bfDedicamos mucho tiempo a buscar informaci\u00f3n relevante perdida en cadenas de correos infinitas?<\/li>\n<li><strong>Comunicaci\u00f3n externa y CRM.<\/strong><br \/>\u00bfTenemos todos nuestros contactos en un mismo espacio? \u00bfUtilizamos t\u00e9cnicas de segmentaci\u00f3n? \u00bfTenemos organizadas las diferentes oportunidades comerciales y todas las personas comerciales tienen un control en tiempo real de su evoluci\u00f3n?<\/li>\n<li><strong>Proceso de presupuestario y de facturaci\u00f3n.<\/strong><br \/>\u00bfTenemos un proceso estandarizado para realizar propuestas a clientes? \u00bfOptimizamos el tiempo de propuestas o dedicamos demasiado tiempo a presupuestar?<\/li>\n<li><strong>Organizaci\u00f3n de proyectos y rentabilidad.<\/strong><br \/>\u00bfLlevamos un control de qu\u00e9 proyectos ofrecen una mayor rentabilidad a nuestra entidad? \u00bfPodemos organizar las tareas y saber en cada momento en qu\u00e9 estado est\u00e1 cada tarea?<\/li>\n<\/ul>\n<p>Como hemos comentado antes, existen proyectos para acompa\u00f1ar y mejorar los procesos internos de las entidades y facilitar as\u00ed la toma de decisiones como por ejemplo <strong><a href=\"https:\/\/processos.org\/\" target=\"_blank\" rel=\"noopener noreferrer\">Procesos.org<\/a><\/strong>, la l\u00ednea de intercooperaci\u00f3n entre <strong><a href=\"https:\/\/coopdevs.org\/\" target=\"_blank\" rel=\"noopener noreferrer\">Coopdevs<\/a><\/strong> y <strong><a href=\"https:\/\/facto.cat\/\" target=\"_blank\" rel=\"noopener noreferrer\">Facto Cooperativa<\/a><\/strong>, donde trabajamos por la mejora de estos procesos a trav\u00e9s de la tecnolog\u00eda digital: facilitando la gesti\u00f3n administrativa, el control de proyectos, presupuesto y gestiones internas de las entidades.<\/p>\n<p>Sea como fuere, tanto si hace el an\u00e1lisis de la situaci\u00f3n econ\u00f3mica de su entidad de forma interna como si le acompa\u00f1an, no hay mejor manera para continuar con su proyecto que hacer una pausa y analizar el paisaje: donde estamos, qu\u00e9 nos ha llevado aqu\u00ed, en qu\u00e9 contexto nos movemos, a d\u00f3nde queremos ir y, si es necesario, rehacer la estrategia para poder llegar.<\/p>\n<p>Si desea m\u00e1s informaci\u00f3n nos puede contactar a trav\u00e9s de nuestro canal habitual <a href=\"mailto:info@facto.cat\" target=\"_blank\" rel=\"noopener noreferrer\"><strong>info@facto.cat<\/strong><\/a> .<\/p>\n\t\t\t\t\t\t\t<\/div>\r\n\t\t\t\t\t\t\t\t\t\t<\/div>\n\t\t\t\t<\/div>\n\t\t\t\t\t<\/div>\n\t\t<\/div>\n\t\t\t\t\t<\/div><\/div>\r\n\t\t<\/section>\r\n\t\t\t\t<\/div>\n\t\t","protected":false},"excerpt":{"rendered":"<p>M\u00e1s all\u00e1 del impacto que la COVID ha tenido en la vida de las personas, la pandemia tambi\u00e9n ha supuesto un duro golpe para las empresas y el empleo. <\/p>\n","protected":false},"author":1,"featured_media":7355,"comment_status":"closed","ping_status":"closed","sticky":false,"template":"single-fullwidth.php","format":"standard","meta":{"footnotes":""},"categories":[145,159,157,158],"tags":[],"class_list":{"0":"post-7846","1":"post","2":"type-post","3":"status-publish","4":"format-standard","5":"has-post-thumbnail","7":"category-articulos","8":"category-economia-es","9":"category-gestoria-y-asesoria","10":"category-legislacion"},"menu_order":0,"_links":{"self":[{"href":"https:\/\/factocooperativa.com\/es\/wp-json\/wp\/v2\/posts\/7846","targetHints":{"allow":["GET"]}}],"collection":[{"href":"https:\/\/factocooperativa.com\/es\/wp-json\/wp\/v2\/posts"}],"about":[{"href":"https:\/\/factocooperativa.com\/es\/wp-json\/wp\/v2\/types\/post"}],"author":[{"embeddable":true,"href":"https:\/\/factocooperativa.com\/es\/wp-json\/wp\/v2\/users\/1"}],"replies":[{"embeddable":true,"href":"https:\/\/factocooperativa.com\/es\/wp-json\/wp\/v2\/comments?post=7846"}],"version-history":[{"count":0,"href":"https:\/\/factocooperativa.com\/es\/wp-json\/wp\/v2\/posts\/7846\/revisions"}],"wp:featuredmedia":[{"embeddable":true,"href":"https:\/\/factocooperativa.com\/es\/wp-json\/wp\/v2\/media\/7355"}],"wp:attachment":[{"href":"https:\/\/factocooperativa.com\/es\/wp-json\/wp\/v2\/media?parent=7846"}],"wp:term":[{"taxonomy":"category","embeddable":true,"href":"https:\/\/factocooperativa.com\/es\/wp-json\/wp\/v2\/categories?post=7846"},{"taxonomy":"post_tag","embeddable":true,"href":"https:\/\/factocooperativa.com\/es\/wp-json\/wp\/v2\/tags?post=7846"}],"curies":[{"name":"wp","href":"https:\/\/api.w.org\/{rel}","templated":true}]}}