{"id":7841,"date":"2023-02-03T12:35:32","date_gmt":"2023-02-03T12:35:32","guid":{"rendered":"https:\/\/factocooperativa.com\/resonate-desde-graz-milan-y-barcelona-al-mundo\/"},"modified":"2023-03-13T10:48:58","modified_gmt":"2023-03-13T10:48:58","slug":"resonate-desde-graz-milan-y-barcelona-al-mundo","status":"publish","type":"post","link":"https:\/\/factocooperativa.com\/es\/resonate-desde-graz-milan-y-barcelona-al-mundo\/","title":{"rendered":"RESONATE \u2013 DESDE GRAZ, MIL\u00c1N Y BARCELONA\u2026 \u00a1AL MUNDO!"},"content":{"rendered":"\t\t<div data-elementor-type=\"wp-post\" data-elementor-id=\"7841\" class=\"elementor elementor-7841 elementor-3877\">\n\t\t\t\t\t\t<section class=\"elementor-section elementor-top-section elementor-element elementor-element-5d15e2b elementor-section-boxed elementor-section-height-default elementor-section-height-default\" data-id=\"5d15e2b\" data-element_type=\"section\">\r\n\t\t\t\t\t\t<div class=\"elementor-container elementor-column-gap-thegem\"><div class=\"elementor-row\">\r\n\t\t\t\t\t<div class=\"elementor-column elementor-col-100 elementor-top-column elementor-element elementor-element-9c6b399\" data-id=\"9c6b399\" data-element_type=\"column\">\n\t\t\t<div class=\"elementor-widget-wrap elementor-element-populated\">\n\t\t\t\t\t\t<div class=\"elementor-element elementor-element-c91fe61 flex-horizontal-align-default flex-horizontal-align-tablet-default flex-horizontal-align-mobile-default flex-vertical-align-default flex-vertical-align-tablet-default flex-vertical-align-mobile-default elementor-invisible elementor-widget elementor-widget-text-editor\" data-id=\"c91fe61\" data-element_type=\"widget\" data-settings=\"{&quot;_animation&quot;:&quot;fadeInUp&quot;}\" data-widget_type=\"text-editor.default\">\n\t\t\t\t<div class=\"elementor-widget-container\">\n\t\t\t\t\t\t\t\t\t\t\t\t<div class=\"elementor-text-editor elementor-clearfix\">\r\n\t\t\t\t\t\t<p>Facto sale a Europa para participar en el <a href=\"https:\/\/sbcs.at\/en\/eu-projekt-resonate\/\" target=\"_blank\" rel=\"noopener noreferrer\">RESONATE<\/a> (Regional Social business iNcubaATors), un proyecto europeo que tiene como objetivo <strong>intercambiar conocimiento y buenas pr\u00e1cticas relacionadas con la formaci\u00f3n, acompa\u00f1amiento y asesoramiento de emprendedoras sociales en Austria, Italia y Catalu\u00f1a<\/strong> .<\/p>\n<p>El RESONATE se traduce en una serie de encuentros internacionales, en los que personas de las tres organizaciones se encuentran, explican y escuchan, se hacen preguntas y profundizan en el conocimiento mutuo. Porque queremos crecer y queremos aprender, viajaremos a Austria y viajaremos a Mil\u00e1n y despu\u00e9s acogeremos nuestras socias en Barcelona en un encuentro final en abril de 2022. Por el camino, os iremos explicando los detalles de esta aventura.<\/p>\n\t\t\t\t\t\t\t<\/div>\r\n\t\t\t\t\t\t\t\t\t\t<\/div>\n\t\t\t\t<\/div>\n\t\t\t\t<div class=\"elementor-element elementor-element-b14b96b flex-horizontal-align-default flex-horizontal-align-tablet-default flex-horizontal-align-mobile-default flex-vertical-align-default flex-vertical-align-tablet-default flex-vertical-align-mobile-default elementor-invisible elementor-widget elementor-widget-video\" data-id=\"b14b96b\" data-element_type=\"widget\" data-settings=\"{&quot;youtube_url&quot;:&quot;https:\\\/\\\/youtu.be\\\/5HR9OHfeNGo&quot;,&quot;autoplay&quot;:&quot;yes&quot;,&quot;loop&quot;:&quot;yes&quot;,&quot;yt_privacy&quot;:&quot;yes&quot;,&quot;lazy_load&quot;:&quot;yes&quot;,&quot;_animation&quot;:&quot;fadeInUp&quot;,&quot;mute&quot;:&quot;yes&quot;,&quot;video_type&quot;:&quot;youtube&quot;}\" data-widget_type=\"video.default\">\n\t\t\t\t<div class=\"elementor-widget-container\">\n\t\t\t\t\t\t\t<div class=\"elementor-wrapper elementor-open-inline\">\n\t\t\t<div class=\"elementor-video\"><\/div>\t\t<\/div>\n\t\t\t\t\t\t<\/div>\n\t\t\t\t<\/div>\n\t\t\t\t<div class=\"elementor-element elementor-element-9a19d30 flex-horizontal-align-default flex-horizontal-align-tablet-default flex-horizontal-align-mobile-default flex-vertical-align-default flex-vertical-align-tablet-default flex-vertical-align-mobile-default elementor-invisible elementor-widget elementor-widget-text-editor\" data-id=\"9a19d30\" data-element_type=\"widget\" data-settings=\"{&quot;_animation&quot;:&quot;fadeInUp&quot;}\" data-widget_type=\"text-editor.default\">\n\t\t\t\t<div class=\"elementor-widget-container\">\n\t\t\t\t\t\t\t\t\t\t\t\t<div class=\"elementor-text-editor elementor-clearfix\">\r\n\t\t\t\t\t\t<h3><b>Primera parada: \u00a1Graz!<br \/><\/b><\/h3>\n<p><a href=\"https:\/\/sbcs.at\/en\/\" target=\"_blank\" rel=\"noopener noreferrer\">The Social Business Club Styria<\/a> (SBCS) son nuestras socias austr\u00edacas. Fundado en 2013, SBCS es un centro regional de apoyo al emprendimiento social. Ofrecen asesoramiento calificado, enredamiento y formaci\u00f3n promoviendo empresas de car\u00e1cter social. Re\u00fanen a personas, empresas e ideas y las impulsan para crear una nueva econom\u00eda centrada en el desarrollo sostenible.<\/p>\n<p>Actualmente SBCS acompa\u00f1a a unos 113 emprendedores sociales de la regi\u00f3n austr\u00edaca de Styria y enfoca sus esfuerzos en arraigar el emprendimiento social como una soluci\u00f3n presente y futura para la sociedad. SBCS, ha sido la primera organizaci\u00f3n regional en Austria para apoyar a emprendedores sociales y promueve la creaci\u00f3n de otras organizaciones similares en otras regiones del pa\u00eds.<\/p>\n<h3><b><br \/>Segunda parada: \u00a1Mil\u00e1n!<br \/><\/b><\/h3>\n<p>Nuestras socias italianas pertenecen a la <a href=\"https:\/\/www.fondazionebrodolini.it\/en\" target=\"_blank\" rel=\"noopener noreferrer\">Fondazione Giacomo Brodolino<\/a> (FGB), una entidad sin \u00e1nimo de lucro operativa desde 1971. Desde la FGB se dedican a la investigaci\u00f3n, desarrollo de pol\u00edticas p\u00fablicas, asistencia t\u00e9cnica y consultor\u00eda con actores p\u00fablicos y privados.<\/p>\n<p>Desde 2012, la FGB ha hecho una apuesta importante en el campo de la innovaci\u00f3n social y de la emprendedur\u00eda social, creando una unidad espec\u00edfica para ofrecer servicios de apoyo para el desarrollo del mercado social empresarial. FGB trabaja desde el lado de la oferta y la demanda, interconectando a los ecosistemas locales, creando redes y plataformas para el intercambio de conocimiento, tecnolog\u00eda, fondos econ\u00f3micos y talentos. Tambi\u00e9n est\u00e1n creando un conjunto de infraestructuras a lo largo de Italia para albergar hubs de innovaci\u00f3n, incubaci\u00f3n y consultor\u00eda.<\/p>\n<h3><b><br \/>\u00daltima parada (y la primera del siguiente trayecto\u2026): \u00a1Barcelona!<br \/><\/b><\/h3>\n<p>En 2022 acogeremos nuestras socias con talleres y charlas. Invitaremos a emprendedores sociales y otras compa\u00f1eras de viaje locales para que compartan su visi\u00f3n y su experiencia. Esperamos que de ah\u00ed surgir\u00e1n v\u00ednculos a largo plazo que nos permitan seguir caminando por Europa.<\/p>\n<p>En este contexto en el que abrir horizontes se hace dif\u00edcil, le invitamos a seguir nuestro trayecto europeo a trav\u00e9s de nuestros boletines. \u00bfSube?<\/p>\n<\/p>\n<p><img class=\"alignnone size-full wp-image-3881\" src=\"https:\/\/factocooperativa.com\/wp-content\/uploads\/2023\/02\/logo_eurpean_erasmus03-300x69-1.jpeg\" alt=\"\" width=\"300\" height=\"69\"><\/p>\n\t\t\t\t\t\t\t<\/div>\r\n\t\t\t\t\t\t\t\t\t\t<\/div>\n\t\t\t\t<\/div>\n\t\t\t\t\t<\/div>\n\t\t<\/div>\n\t\t\t\t\t<\/div><\/div>\r\n\t\t<\/section>\r\n\t\t\t\t<\/div>\n\t\t","protected":false},"excerpt":{"rendered":"<p>RESONATE (Regional Social business iNcubaATors), es un proyecto europeo que tiene como objetivo intercambiar conocimiento y buenas pr\u00e1cticas relacionadas con la formaci\u00f3n, el acompa\u00f1amiento y el asesoramiento de emprendedoras sociales en Austria, Italia y Catalu\u00f1a.<\/p>\n","protected":false},"author":1,"featured_media":7333,"comment_status":"closed","ping_status":"closed","sticky":false,"template":"single-fullwidth.php","format":"standard","meta":{"footnotes":""},"categories":[145,159,155,162,163,164,154],"tags":[],"class_list":{"0":"post-7841","1":"post","2":"type-post","3":"status-publish","4":"format-standard","5":"has-post-thumbnail","7":"category-articulos","8":"category-economia-es","9":"category-emprendimiento","10":"category-encuentros-y-congresos","11":"category-europa-es","12":"category-formacion","13":"category-innovacion"},"menu_order":0,"_links":{"self":[{"href":"https:\/\/factocooperativa.com\/es\/wp-json\/wp\/v2\/posts\/7841","targetHints":{"allow":["GET"]}}],"collection":[{"href":"https:\/\/factocooperativa.com\/es\/wp-json\/wp\/v2\/posts"}],"about":[{"href":"https:\/\/factocooperativa.com\/es\/wp-json\/wp\/v2\/types\/post"}],"author":[{"embeddable":true,"href":"https:\/\/factocooperativa.com\/es\/wp-json\/wp\/v2\/users\/1"}],"replies":[{"embeddable":true,"href":"https:\/\/factocooperativa.com\/es\/wp-json\/wp\/v2\/comments?post=7841"}],"version-history":[{"count":0,"href":"https:\/\/factocooperativa.com\/es\/wp-json\/wp\/v2\/posts\/7841\/revisions"}],"wp:featuredmedia":[{"embeddable":true,"href":"https:\/\/factocooperativa.com\/es\/wp-json\/wp\/v2\/media\/7333"}],"wp:attachment":[{"href":"https:\/\/factocooperativa.com\/es\/wp-json\/wp\/v2\/media?parent=7841"}],"wp:term":[{"taxonomy":"category","embeddable":true,"href":"https:\/\/factocooperativa.com\/es\/wp-json\/wp\/v2\/categories?post=7841"},{"taxonomy":"post_tag","embeddable":true,"href":"https:\/\/factocooperativa.com\/es\/wp-json\/wp\/v2\/tags?post=7841"}],"curies":[{"name":"wp","href":"https:\/\/api.w.org\/{rel}","templated":true}]}}