{"id":7776,"date":"2023-02-03T11:43:19","date_gmt":"2023-02-03T11:43:19","guid":{"rendered":"https:\/\/factocooperativa.com\/xviii-congreso-internacional-de-ciriec-espana-una-oportunidad-para-encontrarnos\/"},"modified":"2023-03-13T10:25:22","modified_gmt":"2023-03-13T10:25:22","slug":"xviii-congreso-internacional-de-ciriec-espana-una-oportunidad-para-encontrarnos","status":"publish","type":"post","link":"https:\/\/factocooperativa.com\/es\/xviii-congreso-internacional-de-ciriec-espana-una-oportunidad-para-encontrarnos\/","title":{"rendered":"XVIII CONGRESO INTERNACIONAL DE CIRIEC-ESPA\u00d1A, UNA OPORTUNIDAD PARA ENCONTRARNOS."},"content":{"rendered":"\t\t<div data-elementor-type=\"wp-post\" data-elementor-id=\"7776\" class=\"elementor elementor-7776 elementor-3818\">\n\t\t\t\t\t\t<section class=\"elementor-section elementor-top-section elementor-element elementor-element-5d15e2b elementor-section-boxed elementor-section-height-default elementor-section-height-default\" data-id=\"5d15e2b\" data-element_type=\"section\">\r\n\t\t\t\t\t\t<div class=\"elementor-container elementor-column-gap-thegem\"><div class=\"elementor-row\">\r\n\t\t\t\t\t<div class=\"elementor-column elementor-col-100 elementor-top-column elementor-element elementor-element-9c6b399\" data-id=\"9c6b399\" data-element_type=\"column\">\n\t\t\t<div class=\"elementor-widget-wrap elementor-element-populated\">\n\t\t\t\t\t\t<div class=\"elementor-element elementor-element-c91fe61 flex-horizontal-align-default flex-horizontal-align-tablet-default flex-horizontal-align-mobile-default flex-vertical-align-default flex-vertical-align-tablet-default flex-vertical-align-mobile-default elementor-invisible elementor-widget elementor-widget-text-editor\" data-id=\"c91fe61\" data-element_type=\"widget\" data-settings=\"{&quot;_animation&quot;:&quot;fadeInUp&quot;}\" data-widget_type=\"text-editor.default\">\n\t\t\t\t<div class=\"elementor-widget-container\">\n\t\t\t\t\t\t\t\t\t\t\t\t<div class=\"elementor-text-editor elementor-clearfix\">\r\n\t\t\t\t\t\t<h2><b>XVIII Congreso Internacional de CIRIEC-Espa\u00f1a, una oportunidad para encontrarnos.<\/b><b><\/b><\/h2>\n<p>En Facto Cooperativa estamos muy satisfechas de haber participado y haber sido una de las patrocinadoras del <strong>XVIII Congreso Internacional de Investigadores en Econom\u00eda Social de <a href=\"http:\/\/ciriec.es\/\" target=\"_blank\" rel=\"noopener noreferrer\">CIRIEC-Espa\u00f1a<\/a><\/strong> . Un encuentro anual que este a\u00f1o se celebr\u00f3, el <strong>17 y 18 de septiembre<\/strong>, en el <strong>Tecnocampus Matar\u00f3-Maresme<\/strong>, y en el que, pese al contexto de la pandemia, participaron un centenar de investigadores\/as y directivos\/vas de la econom\u00eda social de Espa\u00f1a y otros 10 pa\u00edses, donde presentaron sus ponencias y comunicaciones.<\/p>\n<p>Desde hace muchos a\u00f1os <strong>CIRIEC<\/strong> desempe\u00f1a un importante papel en favor de una <strong>mayor visibilidad<\/strong> y <strong>conocimiento de la econom\u00eda social<\/strong> .<\/p>\n<p>Entre otros muchos ponentes contamos con la inestimable presencia del economista y catedr\u00e1tico <strong>Ant\u00f3n Costas<\/strong> que llev\u00f3 a cabo la inauguraci\u00f3n con esta conferencia sobre el \u201c<strong>Contrato social pand\u00e9mico. El rol de la Econom\u00eda Social<\/strong>\u201c. Puede verla haciendo <strong><a href=\"https:\/\/youtu.be\/6ak2avwqlrY?t=4785\" target=\"_blank\" rel=\"noopener noreferrer\">clic aqu\u00ed<\/a><\/strong> .<\/p>\n<p>El <strong>XVIII Congreso Internacional de CIRIEC-Espa\u00f1a<\/strong> fue una oportunidad para <strong>encontrarnos<\/strong> , <strong>sumar sinergias<\/strong> , y <strong>ver otros proyectos valientes<\/strong> que nos hacen seguir creyendo, m\u00e1s que nunca, que estamos en el camino correcto. Que la <strong>econom\u00eda social y solidaria tiene un largo recorrido, que cada vez ser\u00e1 m\u00e1s fuerte, que cada vez seremos m\u00e1s<\/strong> .<\/p>\n<p>Porque ya hemos tenido suficiente del camino de la competici\u00f3n en esta carrera sin sentido por el beneficio como fin en s\u00ed mismo. Sin los valores que acompa\u00f1an a la ESS, y como ya est\u00e1 mostrando nuestro precioso y maltratado planeta, no habr\u00e1 futuro posible.<\/p>\n<p>As\u00ed que hag\u00e1moslo. <strong>\u00a1ESS m\u00e1s que nunca!<\/strong><\/p>\n\t\t\t\t\t\t\t<\/div>\r\n\t\t\t\t\t\t\t\t\t\t<\/div>\n\t\t\t\t<\/div>\n\t\t\t\t<div class=\"elementor-element elementor-element-68ff6f6 flex-horizontal-align-default flex-horizontal-align-tablet-default flex-horizontal-align-mobile-default flex-vertical-align-default flex-vertical-align-tablet-default flex-vertical-align-mobile-default elementor-invisible elementor-widget elementor-widget-image\" data-id=\"68ff6f6\" data-element_type=\"widget\" data-settings=\"{&quot;_animation&quot;:&quot;fadeIn&quot;}\" data-widget_type=\"image.default\">\n\t\t\t\t<div class=\"elementor-widget-container\">\n\t\t\t\t\t\t\t\t\t\t\t\t\t\t\t<img width=\"1024\" height=\"544\" src=\"https:\/\/factocooperativa.com\/wp-content\/uploads\/2023\/02\/ciriec_interior02.jpeg\" class=\"attachment-large size-large wp-image-7309\" alt=\"\" srcset=\"https:\/\/factocooperativa.com\/wp-content\/uploads\/2023\/02\/ciriec_interior02.jpeg 1024w, https:\/\/factocooperativa.com\/wp-content\/uploads\/2023\/02\/ciriec_interior02-300x159.jpeg 300w, https:\/\/factocooperativa.com\/wp-content\/uploads\/2023\/02\/ciriec_interior02-768x408.jpeg 768w\" sizes=\"(max-width: 1024px) 100vw, 1024px\" \/>\t\t\t\t\t\t\t\t\t\t\t\t\t\t\t<\/div>\n\t\t\t\t<\/div>\n\t\t\t\t<div class=\"elementor-element elementor-element-6a9013c flex-horizontal-align-default flex-horizontal-align-tablet-default flex-horizontal-align-mobile-default flex-vertical-align-default flex-vertical-align-tablet-default flex-vertical-align-mobile-default elementor-invisible elementor-widget elementor-widget-text-editor\" data-id=\"6a9013c\" data-element_type=\"widget\" data-settings=\"{&quot;_animation&quot;:&quot;fadeInUp&quot;}\" data-widget_type=\"text-editor.default\">\n\t\t\t\t<div class=\"elementor-widget-container\">\n\t\t\t\t\t\t\t\t\t\t\t\t<div class=\"elementor-text-editor elementor-clearfix\">\r\n\t\t\t\t\t\t<p style=\"text-align: center;\">Los compa\u00f1eros de Adeu capitalismo&#8217; de la XES y Jordi Via de&nbsp; <a href=\"http:\/\/www.rocagales.cat\/\" target=\"_blank\" rel=\"noopener noreferrer\">Rocagalas<\/a>&nbsp; presentando el &#8216;Pacto Econom\u00eda por la Vida&#8217; en el XVIII Congreso CIRIEC<\/p>\n\t\t\t\t\t\t\t<\/div>\r\n\t\t\t\t\t\t\t\t\t\t<\/div>\n\t\t\t\t<\/div>\n\t\t\t\t\t<\/div>\n\t\t<\/div>\n\t\t\t\t\t<\/div><\/div>\r\n\t\t<\/section>\r\n\t\t\t\t<\/div>\n\t\t","protected":false},"excerpt":{"rendered":"<p>Un encuentro anual que este a\u00f1o se celebr\u00f3, el 17 y 18 de septiembre, en el Tecnocampus Matar\u00f3-Maresme, y en el que, a pesar del contexto de la pandemia, participaron un centenar de investigadores\/as y directivos\/as del econom\u00eda social de Espa\u00f1a y otros 10 pa\u00edses, donde presentaron sus ponencias y comunicaciones.<\/p>\n","protected":false},"author":1,"featured_media":7311,"comment_status":"closed","ping_status":"closed","sticky":false,"template":"single-fullwidth.php","format":"standard","meta":{"footnotes":""},"categories":[159,162],"tags":[],"class_list":{"0":"post-7776","1":"post","2":"type-post","3":"status-publish","4":"format-standard","5":"has-post-thumbnail","7":"category-economia-es","8":"category-encuentros-y-congresos"},"menu_order":0,"_links":{"self":[{"href":"https:\/\/factocooperativa.com\/es\/wp-json\/wp\/v2\/posts\/7776","targetHints":{"allow":["GET"]}}],"collection":[{"href":"https:\/\/factocooperativa.com\/es\/wp-json\/wp\/v2\/posts"}],"about":[{"href":"https:\/\/factocooperativa.com\/es\/wp-json\/wp\/v2\/types\/post"}],"author":[{"embeddable":true,"href":"https:\/\/factocooperativa.com\/es\/wp-json\/wp\/v2\/users\/1"}],"replies":[{"embeddable":true,"href":"https:\/\/factocooperativa.com\/es\/wp-json\/wp\/v2\/comments?post=7776"}],"version-history":[{"count":0,"href":"https:\/\/factocooperativa.com\/es\/wp-json\/wp\/v2\/posts\/7776\/revisions"}],"wp:featuredmedia":[{"embeddable":true,"href":"https:\/\/factocooperativa.com\/es\/wp-json\/wp\/v2\/media\/7311"}],"wp:attachment":[{"href":"https:\/\/factocooperativa.com\/es\/wp-json\/wp\/v2\/media?parent=7776"}],"wp:term":[{"taxonomy":"category","embeddable":true,"href":"https:\/\/factocooperativa.com\/es\/wp-json\/wp\/v2\/categories?post=7776"},{"taxonomy":"post_tag","embeddable":true,"href":"https:\/\/factocooperativa.com\/es\/wp-json\/wp\/v2\/tags?post=7776"}],"curies":[{"name":"wp","href":"https:\/\/api.w.org\/{rel}","templated":true}]}}