{"id":13854,"date":"2025-10-16T11:48:33","date_gmt":"2025-10-16T11:48:33","guid":{"rendered":"https:\/\/factocooperativa.com\/asociacion-psicomigra\/"},"modified":"2025-10-16T12:06:07","modified_gmt":"2025-10-16T12:06:07","slug":"asociacion-psicomigra","status":"publish","type":"post","link":"https:\/\/factocooperativa.com\/es\/asociacion-psicomigra\/","title":{"rendered":"ASOCIACI\u00d3N PSICOMIGRA"},"content":{"rendered":"\t\t<div data-elementor-type=\"wp-post\" data-elementor-id=\"13854\" class=\"elementor elementor-13854 elementor-13839\">\n\t\t\t\t\t\t<section class=\"elementor-section elementor-top-section elementor-element elementor-element-900345a elementor-section-boxed elementor-section-height-default elementor-section-height-default\" data-id=\"900345a\" data-element_type=\"section\">\r\n\t\t\t\t\t\t<div class=\"elementor-container elementor-column-gap-thegem\"><div class=\"elementor-row\">\r\n\t\t\t\t\t<div class=\"elementor-column elementor-col-100 elementor-top-column elementor-element elementor-element-7511fc7\" data-id=\"7511fc7\" data-element_type=\"column\">\n\t\t\t<div class=\"elementor-widget-wrap elementor-element-populated\">\n\t\t\t\t\t\t<div class=\"elementor-element elementor-element-4f2ecc6 flex-horizontal-align-default flex-horizontal-align-tablet-default flex-horizontal-align-mobile-default flex-vertical-align-default flex-vertical-align-tablet-default flex-vertical-align-mobile-default elementor-widget elementor-widget-heading\" data-id=\"4f2ecc6\" data-element_type=\"widget\" data-widget_type=\"heading.default\">\n\t\t\t\t<div class=\"elementor-widget-container\">\n\t\t\t\t\t<h2 class=\"elementor-heading-title elementor-size-default\">Apoyo europeo a Psicomigra para impulsar una salud mental feminista y antirracista<\/h2>\t\t\t\t<\/div>\n\t\t\t\t<\/div>\n\t\t\t\t\t<\/div>\n\t\t<\/div>\n\t\t\t\t\t<\/div><\/div>\r\n\t\t<\/section>\r\n\t\t\t\t<section class=\"elementor-section elementor-top-section elementor-element elementor-element-2b26c00e elementor-section-stretched elementor-section-boxed elementor-section-height-default elementor-section-height-default\" data-id=\"2b26c00e\" data-element_type=\"section\" data-settings=\"{&quot;stretch_section&quot;:&quot;section-stretched&quot;,&quot;background_background&quot;:&quot;classic&quot;}\">\r\n\t\t\t\t\t\t<div class=\"elementor-container elementor-column-gap-thegem\"><div class=\"elementor-row\">\r\n\t\t\t\t\t<div class=\"elementor-column elementor-col-50 elementor-top-column elementor-element elementor-element-13bfd00a\" data-id=\"13bfd00a\" data-element_type=\"column\" data-settings=\"{&quot;background_background&quot;:&quot;classic&quot;}\">\n\t\t\t<div class=\"elementor-widget-wrap elementor-element-populated\">\n\t\t\t\t\t\t<div class=\"elementor-element elementor-element-43f29026 flex-horizontal-align-default flex-horizontal-align-tablet-default flex-horizontal-align-mobile-default flex-vertical-align-default flex-vertical-align-tablet-default flex-vertical-align-mobile-default elementor-widget elementor-widget-thegem-icon\" data-id=\"43f29026\" data-element_type=\"widget\" data-settings=\"{&quot;thegem_elementor_preset&quot;:&quot;circle&quot;}\" data-widget_type=\"thegem-icon.default\">\n\t\t\t\t<div class=\"elementor-widget-container\">\n\t\t\t\t\t\t\t\t\t<div class=\"left-box icon-inline-position\">\n\n\t\t\t\t<a role=\"button\" aria-label=\"Read more\">\n\n\t\t\t\t<div class=\"gem-icon gem-icon-pack-fontawesome gem-icon-size-medium  gem-icon-shape-circle \">\n\n\t\t\t\t\n\t\t\t\t<div class=\"gem-icon-inner\">\n\n\t\t\t\t\n\t\t\t\t\t\t\t\t\t<div class=\"padding-box-inner\">\n\t\t\t\t\n\n\t\t\t\t\t\t\t\t\t<span class=\"gem-icon-half-1\"><span class=\"back-angle\">\n\t\t\t\t\t<i aria-hidden=\"true\" class=\"fas fa-exclamation-circle\"><\/i>\t\t\t\t\t<\/span><\/span>\n\t\t\t\t\t<span class=\"gem-icon-half-2\"><span class=\"back-angle\">\n\t\t\t\t\t<i aria-hidden=\"true\" class=\"fas fa-exclamation-circle\"><\/i>\t\t\t\t\t<\/span><\/span>\n\t\t\t\t\n\t\t\t\t<\/div>\n\n\t\t\t\t\n\t\t\t\t\t\t\t\t\t<\/div>\n\t\t\t\t\n\t\t\t\t<\/div>\n\n\t\t\t\t<\/a>\n\n\t\t\t\t<\/div>\n\t\t\t\t\t\t\t<\/div>\n\t\t\t\t<\/div>\n\t\t\t\t<div class=\"elementor-element elementor-element-5293cf26 flex-horizontal-align-default flex-horizontal-align-tablet-default flex-horizontal-align-mobile-default flex-vertical-align-default flex-vertical-align-tablet-default flex-vertical-align-mobile-default elementor-invisible elementor-widget elementor-widget-text-editor\" data-id=\"5293cf26\" data-element_type=\"widget\" data-settings=\"{&quot;_animation&quot;:&quot;fadeInUp&quot;}\" data-widget_type=\"text-editor.default\">\n\t\t\t\t<div class=\"elementor-widget-container\">\n\t\t\t\t\t\t\t\t\t\t\t\t<div class=\"elementor-text-editor elementor-clearfix\">\r\n\t\t\t\t\t\t<h3>Se ampl\u00eda la atenci\u00f3n a personas migrantes<\/h3>\n<p>La Asociaci\u00f3n <strong data-start=\"67\" data-end=\"81\">Psicomigra<\/strong> ha recibido una <strong data-start=\"95\" data-end=\"120\">subvenci\u00f3n de 40.000\u20ac<\/strong> del <strong data-start=\"125\" data-end=\"158\">Proyecto Radix (Roots4Rights)<\/strong> , destinada a consolidar su estructura organizativa. Psicomigra promueve una pr\u00e1ctica psicoterap\u00e9utica <strong data-start=\"412\" data-end=\"448\">cr\u00edtica, feminista y antirracista<\/strong> . El proyecto <em data-start=\"462\" data-end=\"482\">\u201cTejiendo caminos\u201d<\/em> fortalecer\u00e1 la gesti\u00f3n interna, ampliar\u00e1 las plazas sociales y generar\u00e1 materiales sobre salud mental.  <\/p>\n<p>Desde <strong data-start=\"7\" data-end=\"28\">Facto Cooperativa<\/strong> nos enorgullecemos de haber acompa\u00f1ado <strong data-start=\"63\" data-end=\"77\">a Psicomigra<\/strong> desde el <strong data-start=\"86\" data-end=\"95\">SAESS<\/strong> y de continuarlo haciendo ahora en la <strong data-start=\"129\" data-end=\"161\">justificaci\u00f3n de la subvenci\u00f3n<\/strong> , a trav\u00e9s de nuestro <strong data-start=\"183\" data-end=\"217\">servicio integral de subvenciones<\/strong> .<\/p>\t\t\t\t\t\t\t<\/div>\r\n\t\t\t\t\t\t\t\t\t\t<\/div>\n\t\t\t\t<\/div>\n\t\t\t\t\t<\/div>\n\t\t<\/div>\n\t\t\t\t<div class=\"elementor-column elementor-col-50 elementor-top-column elementor-element elementor-element-4e98ebfe\" data-id=\"4e98ebfe\" data-element_type=\"column\" data-settings=\"{&quot;background_background&quot;:&quot;classic&quot;}\">\n\t\t\t<div class=\"elementor-widget-wrap\">\n\t\t\t\t\t\t\t<\/div>\n\t\t<\/div>\n\t\t\t\t\t<\/div><\/div>\r\n\t\t<\/section>\r\n\t\t\t\t<section class=\"elementor-section elementor-top-section elementor-element elementor-element-53dc858 elementor-section-boxed elementor-section-height-default elementor-section-height-default\" data-id=\"53dc858\" data-element_type=\"section\">\r\n\t\t\t\t\t\t<div class=\"elementor-container elementor-column-gap-thegem\"><div class=\"elementor-row\">\r\n\t\t\t\t\t<div class=\"elementor-column elementor-col-100 elementor-top-column elementor-element elementor-element-f1565ae\" data-id=\"f1565ae\" data-element_type=\"column\">\n\t\t\t<div class=\"elementor-widget-wrap elementor-element-populated\">\n\t\t\t\t\t\t<div class=\"elementor-element elementor-element-7faad2a7 flex-horizontal-align-default flex-horizontal-align-tablet-default flex-horizontal-align-mobile-default flex-vertical-align-default flex-vertical-align-tablet-default flex-vertical-align-mobile-default elementor-widget elementor-widget-thegem-infobox\" data-id=\"7faad2a7\" data-element_type=\"widget\" data-settings=\"{&quot;thegem_elementor_preset&quot;:&quot;tiny&quot;}\" data-widget_type=\"thegem-infobox.default\">\n\t\t\t\t<div class=\"elementor-widget-container\">\n\t\t\t\t\t\n<div class=\"gem-infobox styled-textbox-tiny \">\n\n\t\n\t\t<div class=\"gem-infobox-top gem-infobox-top-none default-fill\">\n\t\t\t\t\t<\/div>\n\t\n\t<div class=\"gem-infobox-inner\">\n\n\t\t<div class=\"gem-infobox-content default gem-infobox-icon-horizontal-left gem-infobox-icon-image-wrapping-inline\">\n\n\t\t\t\t\t\t\t<div class=\"gem-texbox-icon-image-wrapper\">\n\n\t\t\t\t\t\t\t\t\t\t\t<div class=\"default left\">\n\t\t\t\t\t\t\t<div class=\"gem-infobox-icon\">\n\t\t\t\t\t\t\t\t<div class=\"elementor-icon\">\n\t\t\t\t\t\t\t\t\t<i aria-hidden=\"true\" class=\"gem-elegant icon-documents-alt\"><\/i>\t\t\t\t\t\t\t\t<\/div>\n\t\t\t\t\t\t\t<\/div>\n\t\t\t\t\t\t<\/div>\n\t\t\t\t\t\n\t\t\t\t\t\n\t\t\t\t<\/div>\n\t\t\t\n\t\t\t<div class=\"gem-texbox-text-wrapper\">\n\n\t\t\t\t\t\t\t\t\t\n\t\t\t\t\t\t<div class=\"gem-infobox-title text-body-tiny light\">\n\t\t\t\t\t\t\tTiempo de lectura 5 min\t\t\t\t\t\t<\/div>\n\n\t\t\t\t\t\n\t\t\t\t\t\n\t\t\t\t\t\n\t\t\t\t\n\t\t\t<\/div>\n\n\t\t<\/div>\n\n\t<\/div>\n\n\t\n\t\t<div class=\"gem-infobox-bottom gem-infobox-bottom-none default-fill\">\n\t\t\t\t<\/div>\n\t\n\t\n<\/div>\n\t\t\t\t<\/div>\n\t\t\t\t<\/div>\n\t\t\t\t<div class=\"elementor-element elementor-element-78db57b flex-horizontal-align-default flex-horizontal-align-tablet-default flex-horizontal-align-mobile-default flex-vertical-align-default flex-vertical-align-tablet-default flex-vertical-align-mobile-default elementor-widget elementor-widget-text-editor\" data-id=\"78db57b\" data-element_type=\"widget\" data-widget_type=\"text-editor.default\">\n\t\t\t\t<div class=\"elementor-widget-container\">\n\t\t\t\t\t\t\t\t\t\t\t\t<div class=\"elementor-text-editor elementor-clearfix\">\r\n\t\t\t\t\t\t<p>La <a href=\"https:\/\/psicomigra.org\/\" target=\"_blank\" rel=\"noopener\"><b>Asociaci\u00f3n Psicomigra<\/b><\/a> <b>ha ganado una subvenci\u00f3n de 40.000 euros del Proyecto Radix (Roots4Rights)<\/b> , una iniciativa de <strong><a href=\"https:\/\/calala.org\/\" target=\"_blank\" rel=\"noopener\">Calala Fondo de Mujeres<\/a><\/strong> cofinanciada por la Uni\u00f3n Europea. Esta financiaci\u00f3n se destinar\u00e1 \u00edntegramente a la consolidaci\u00f3n de la estructura organizacional de la entidad, compuesta mayoritariamente por mujeres migrantes y\/o racializadas. <\/p>\n<p>Calala, fundada en 2009 por mujeres espa\u00f1olas y latinoamericanas, tiene como misi\u00f3n la <b>promoci\u00f3n de los derechos de las mujeres y personas de la comunidad LBTIQ+ en Centroam\u00e9rica y Espa\u00f1a<\/b> . El apoyo a Psicomigra se enmarca en esa visi\u00f3n de fomentar organizaciones clave para la justicia social. <\/p>\n<p>Psicomigra, una asociaci\u00f3n nacida en 2016 y registrada en 2019, ofrece <b>apoyo psicoterap\u00e9utico y psicosocial comunitario<\/b> , y se define desde una pr\u00e1ctica cr\u00edtica, comunitaria y construida sobre los <b>enfoques feminista, antirracista, decolonial, interseccional y de justicia social<\/b> .<\/p>\n<p>La subvenci\u00f3n impulsa el proyecto titulado <em>\u00bb <b>Tejiendo caminos: fortalecer la pr\u00e1ctica para sostener la visi\u00f3n<\/b> \u00ab<\/em> , que tiene como objetivo principal consolidar la estructura organizativa de Psicomigra para fortalecer sus l\u00edneas de trabajo y, de forma crucial, asegurar el cuidado y el equilibrio laboral de sus integrantes.<\/p>\n<p>Los resultados previstos con esta financiaci\u00f3n son diversos y estrat\u00e9gicos: la elaboraci\u00f3n de un plan estrat\u00e9gico a tres a\u00f1os para fortalecer la gesti\u00f3n financiera y administrativa. La creaci\u00f3n de un reglamento de r\u00e9gimen interno para una mejor redistribuci\u00f3n de tareas, evaluaci\u00f3n de jornadas y pol\u00edticas de cuidado del equipo. El aumento del n\u00famero de plazas con tarifa social o gratuita para personas migrantes y\/o racializadas con escasos recursos, con el objetivo de llegar a m\u00e1s de 20 nuevas personas. La realizaci\u00f3n de formaciones y materiales de difusi\u00f3n sobre salud mental con enfoque antirracista, interseccional y decolonial, aspectos centrales en la pr\u00e1ctica de Psicomigra.   <\/p>\n<p>Esta subvenci\u00f3n representa un paso fundamental para Psicomigra en su misi\u00f3n de proporcionar soporte y acompa\u00f1amiento desde una perspectiva cr\u00edtica y transformadora.<\/p>\n<p>La asociaci\u00f3n ha recibido asesoramiento especializado en este proceso a trav\u00e9s del <strong data-start=\"75\" data-end=\"84\">SAESS<\/strong> (Servicio de Asesoramiento a Empresas de Econom\u00eda Social y Solidaria) de <strong data-start=\"154\" data-end=\"174\">Barcelona Activa<\/strong> , gestionado por <strong data-start=\"190\" data-end=\"211\">Facto Cooperativa<\/strong> , con el acompa\u00f1amiento directo de nuestra compa\u00f1era <strong data-start=\"263\" data-end=\"282\">Susana Poblador<\/strong> . Adem\u00e1s, desde <strong data-start=\"298\" data-end=\"307\">Facto<\/strong> iniciamos ahora el apoyo para la <strong data-start=\"339\" data-end=\"371\">justificaci\u00f3n de la subvenci\u00f3n<\/strong> , de la mano de <strong data-start=\"385\" data-end=\"398\">Mar Marco<\/strong> . <\/p>\n<p> <\/p>\t\t\t\t\t\t\t<\/div>\r\n\t\t\t\t\t\t\t\t\t\t<\/div>\n\t\t\t\t<\/div>\n\t\t\t\t<div class=\"elementor-element elementor-element-5e44d4d flex-horizontal-align-default flex-horizontal-align-tablet-default flex-horizontal-align-mobile-default flex-vertical-align-default flex-vertical-align-tablet-default flex-vertical-align-mobile-default elementor-widget elementor-widget-thegem-styledbutton\" data-id=\"5e44d4d\" data-element_type=\"widget\" data-settings=\"{&quot;thegem_button_skin&quot;:&quot;flat&quot;}\" data-widget_type=\"thegem-styledbutton.default\">\n\t\t\t\t<div class=\"elementor-widget-container\">\n\t\t\t\t\t\n<div class=\"gem-button-container gem-widget-button\">\n\n\t\t<a class=\"gem-button gem-button-size-small gem-button-text-weight-bold gem-button-style-flat\" href=\"https:\/\/factocooperativa.com\/es\/servicio-integral-de-subvenciones\/\" target=\"_blank\">\n\t\t<span class=\"gem-inner-wrapper-btn\">\n\t\t\t\t\t\t<span class=\"gem-text-button\">\n\t\t\t\t\u00bfquer\u00e9is saber m\u00e1s sobre el servicio integral de subvenciones de facto?\t\t\t<\/span>\n\t\t<\/span>\n\t<\/a>\n\n\t\n<\/div>\t\t\t\t<\/div>\n\t\t\t\t<\/div>\n\t\t\t\t\t<\/div>\n\t\t<\/div>\n\t\t\t\t\t<\/div><\/div>\r\n\t\t<\/section>\r\n\t\t\t\t<\/div>\n\t\t","protected":false},"excerpt":{"rendered":"<p>La Asociaci\u00f3n Psicomigra ha ganado una subvenci\u00f3n de 40.000 euros del Proyecto Radix (Roots4Rights), una iniciativa de Calala Fondo de Mujeres cofinanciada por la Uni\u00f3n Europea. Esta financiaci\u00f3n se destinar\u00e1 \u00edntegramente a la consolidaci\u00f3n de la estructura organizacional de la entidad, compuesta mayoritariamente por mujeres migrantes y\/o racializadas. <\/p>\n","protected":false},"author":1,"featured_media":13841,"comment_status":"closed","ping_status":"closed","sticky":false,"template":"","format":"standard","meta":{"footnotes":""},"categories":[179,42],"tags":[],"class_list":{"0":"post-13854","1":"post","2":"type-post","3":"status-publish","4":"format-standard","5":"has-post-thumbnail","7":"category-administracio-publica","8":"category-subvencions"},"menu_order":0,"_links":{"self":[{"href":"https:\/\/factocooperativa.com\/es\/wp-json\/wp\/v2\/posts\/13854","targetHints":{"allow":["GET"]}}],"collection":[{"href":"https:\/\/factocooperativa.com\/es\/wp-json\/wp\/v2\/posts"}],"about":[{"href":"https:\/\/factocooperativa.com\/es\/wp-json\/wp\/v2\/types\/post"}],"author":[{"embeddable":true,"href":"https:\/\/factocooperativa.com\/es\/wp-json\/wp\/v2\/users\/1"}],"replies":[{"embeddable":true,"href":"https:\/\/factocooperativa.com\/es\/wp-json\/wp\/v2\/comments?post=13854"}],"version-history":[{"count":5,"href":"https:\/\/factocooperativa.com\/es\/wp-json\/wp\/v2\/posts\/13854\/revisions"}],"predecessor-version":[{"id":13859,"href":"https:\/\/factocooperativa.com\/es\/wp-json\/wp\/v2\/posts\/13854\/revisions\/13859"}],"wp:featuredmedia":[{"embeddable":true,"href":"https:\/\/factocooperativa.com\/es\/wp-json\/wp\/v2\/media\/13841"}],"wp:attachment":[{"href":"https:\/\/factocooperativa.com\/es\/wp-json\/wp\/v2\/media?parent=13854"}],"wp:term":[{"taxonomy":"category","embeddable":true,"href":"https:\/\/factocooperativa.com\/es\/wp-json\/wp\/v2\/categories?post=13854"},{"taxonomy":"post_tag","embeddable":true,"href":"https:\/\/factocooperativa.com\/es\/wp-json\/wp\/v2\/tags?post=13854"}],"curies":[{"name":"wp","href":"https:\/\/api.w.org\/{rel}","templated":true}]}}