{"id":13833,"date":"2025-10-01T11:51:33","date_gmt":"2025-10-01T11:51:33","guid":{"rendered":"https:\/\/factocooperativa.com\/jornada-de-clausura-del-proyecto-europeo-gresodi\/"},"modified":"2025-10-01T11:59:05","modified_gmt":"2025-10-01T11:59:05","slug":"jornada-de-clausura-del-proyecto-europeo-gresodi","status":"publish","type":"post","link":"https:\/\/factocooperativa.com\/es\/jornada-de-clausura-del-proyecto-europeo-gresodi\/","title":{"rendered":"Jornada de clausura del proyecto europeo GRESODI"},"content":{"rendered":"\t\t<div data-elementor-type=\"wp-post\" data-elementor-id=\"13833\" class=\"elementor elementor-13833 elementor-13820\">\n\t\t\t\t\t\t<section class=\"elementor-section elementor-top-section elementor-element elementor-element-900345a elementor-section-boxed elementor-section-height-default elementor-section-height-default\" data-id=\"900345a\" data-element_type=\"section\">\r\n\t\t\t\t\t\t<div class=\"elementor-container elementor-column-gap-thegem\"><div class=\"elementor-row\">\r\n\t\t\t\t\t<div class=\"elementor-column elementor-col-100 elementor-top-column elementor-element elementor-element-7511fc7\" data-id=\"7511fc7\" data-element_type=\"column\">\n\t\t\t<div class=\"elementor-widget-wrap elementor-element-populated\">\n\t\t\t\t\t\t<div class=\"elementor-element elementor-element-4f2ecc6 flex-horizontal-align-default flex-horizontal-align-tablet-default flex-horizontal-align-mobile-default flex-vertical-align-default flex-vertical-align-tablet-default flex-vertical-align-mobile-default elementor-widget elementor-widget-heading\" data-id=\"4f2ecc6\" data-element_type=\"widget\" data-widget_type=\"heading.default\">\n\t\t\t\t<div class=\"elementor-widget-container\">\n\t\t\t\t\t<h2 class=\"elementor-heading-title elementor-size-default\">Dos a\u00f1os de trabajo europeo para reforzar la ESS<\/h2>\t\t\t\t<\/div>\n\t\t\t\t<\/div>\n\t\t\t\t\t<\/div>\n\t\t<\/div>\n\t\t\t\t\t<\/div><\/div>\r\n\t\t<\/section>\r\n\t\t\t\t<section class=\"elementor-section elementor-top-section elementor-element elementor-element-2b26c00e elementor-section-stretched elementor-section-boxed elementor-section-height-default elementor-section-height-default\" data-id=\"2b26c00e\" data-element_type=\"section\" data-settings=\"{&quot;stretch_section&quot;:&quot;section-stretched&quot;,&quot;background_background&quot;:&quot;classic&quot;}\">\r\n\t\t\t\t\t\t<div class=\"elementor-container elementor-column-gap-thegem\"><div class=\"elementor-row\">\r\n\t\t\t\t\t<div class=\"elementor-column elementor-col-50 elementor-top-column elementor-element elementor-element-13bfd00a\" data-id=\"13bfd00a\" data-element_type=\"column\" data-settings=\"{&quot;background_background&quot;:&quot;classic&quot;}\">\n\t\t\t<div class=\"elementor-widget-wrap elementor-element-populated\">\n\t\t\t\t\t\t<div class=\"elementor-element elementor-element-43f29026 flex-horizontal-align-default flex-horizontal-align-tablet-default flex-horizontal-align-mobile-default flex-vertical-align-default flex-vertical-align-tablet-default flex-vertical-align-mobile-default elementor-widget elementor-widget-thegem-icon\" data-id=\"43f29026\" data-element_type=\"widget\" data-settings=\"{&quot;thegem_elementor_preset&quot;:&quot;circle&quot;}\" data-widget_type=\"thegem-icon.default\">\n\t\t\t\t<div class=\"elementor-widget-container\">\n\t\t\t\t\t\t\t\t\t<div class=\"left-box icon-inline-position\">\n\n\t\t\t\t<a role=\"button\" aria-label=\"Read more\">\n\n\t\t\t\t<div class=\"gem-icon gem-icon-pack-fontawesome gem-icon-size-medium  gem-icon-shape-circle \">\n\n\t\t\t\t\n\t\t\t\t<div class=\"gem-icon-inner\">\n\n\t\t\t\t\n\t\t\t\t\t\t\t\t\t<div class=\"padding-box-inner\">\n\t\t\t\t\n\n\t\t\t\t\t\t\t\t\t<span class=\"gem-icon-half-1\"><span class=\"back-angle\">\n\t\t\t\t\t<i aria-hidden=\"true\" class=\"fas fa-exclamation-circle\"><\/i>\t\t\t\t\t<\/span><\/span>\n\t\t\t\t\t<span class=\"gem-icon-half-2\"><span class=\"back-angle\">\n\t\t\t\t\t<i aria-hidden=\"true\" class=\"fas fa-exclamation-circle\"><\/i>\t\t\t\t\t<\/span><\/span>\n\t\t\t\t\n\t\t\t\t<\/div>\n\n\t\t\t\t\n\t\t\t\t\t\t\t\t\t<\/div>\n\t\t\t\t\n\t\t\t\t<\/div>\n\n\t\t\t\t<\/a>\n\n\t\t\t\t<\/div>\n\t\t\t\t\t\t\t<\/div>\n\t\t\t\t<\/div>\n\t\t\t\t<div class=\"elementor-element elementor-element-5293cf26 flex-horizontal-align-default flex-horizontal-align-tablet-default flex-horizontal-align-mobile-default flex-vertical-align-default flex-vertical-align-tablet-default flex-vertical-align-mobile-default elementor-invisible elementor-widget elementor-widget-text-editor\" data-id=\"5293cf26\" data-element_type=\"widget\" data-settings=\"{&quot;_animation&quot;:&quot;fadeInUp&quot;}\" data-widget_type=\"text-editor.default\">\n\t\t\t\t<div class=\"elementor-widget-container\">\n\t\t\t\t\t\t\t\t\t\t\t\t<div class=\"elementor-text-editor elementor-clearfix\">\r\n\t\t\t\t\t\t<h3>clausura del GRESODI en Budapest<\/h3><p>Despu\u00e9s de dos a\u00f1os de trabajo colectivo entre organizaciones de Hungr\u00eda, Austria y Catalu\u00f1a, el proyecto europeo <strong data-start=\"808\" data-end=\"844\">GRESODI (GREen, SOcial, DIgital)<\/strong> llega a su clausura con una jornada que quiere ser a la vez balance y punto de partida. El pr\u00f3ximo <strong data-start=\"941\" data-end=\"964\">8 de octubre de 2025<\/strong> , el <strong data-start=\"969\" data-end=\"1009\">Centro Cultural E\u00f6tv\u00f6s10 de Budapest<\/strong> acoger\u00e1 este encuentro, que tambi\u00e9n se podr\u00e1 seguir online.   <\/p><p>El acto reunir\u00e1 experiencias, voces y recomendaciones para seguir fortaleciendo la <strong data-start=\"1148\" data-end=\"1185\">Econom\u00eda Social y Solidaria (ESS)<\/strong> en clave verde y digital, y contar\u00e1 con la presentaci\u00f3n del <strong data-start=\"1245\" data-end=\"1268\">White Paper GRESODI<\/strong>, un documento con propuestas pol\u00edticas y estrat\u00e9gicas concretas. Ser\u00e1 un espacio de celebraci\u00f3n y aprendizaje compartido, abierto a todas las personas y organizaciones que desee sumarse a imaginar el futuro de la ESS en Europa. <\/p>\t\t\t\t\t\t\t<\/div>\r\n\t\t\t\t\t\t\t\t\t\t<\/div>\n\t\t\t\t<\/div>\n\t\t\t\t\t<\/div>\n\t\t<\/div>\n\t\t\t\t<div class=\"elementor-column elementor-col-50 elementor-top-column elementor-element elementor-element-4e98ebfe\" data-id=\"4e98ebfe\" data-element_type=\"column\" data-settings=\"{&quot;background_background&quot;:&quot;classic&quot;}\">\n\t\t\t<div class=\"elementor-widget-wrap\">\n\t\t\t\t\t\t\t<\/div>\n\t\t<\/div>\n\t\t\t\t\t<\/div><\/div>\r\n\t\t<\/section>\r\n\t\t\t\t<section class=\"elementor-section elementor-top-section elementor-element elementor-element-53dc858 elementor-section-boxed elementor-section-height-default elementor-section-height-default\" data-id=\"53dc858\" data-element_type=\"section\">\r\n\t\t\t\t\t\t<div class=\"elementor-container elementor-column-gap-thegem\"><div class=\"elementor-row\">\r\n\t\t\t\t\t<div class=\"elementor-column elementor-col-100 elementor-top-column elementor-element elementor-element-f1565ae\" data-id=\"f1565ae\" data-element_type=\"column\">\n\t\t\t<div class=\"elementor-widget-wrap elementor-element-populated\">\n\t\t\t\t\t\t<div class=\"elementor-element elementor-element-7faad2a7 flex-horizontal-align-default flex-horizontal-align-tablet-default flex-horizontal-align-mobile-default flex-vertical-align-default flex-vertical-align-tablet-default flex-vertical-align-mobile-default elementor-widget elementor-widget-thegem-infobox\" data-id=\"7faad2a7\" data-element_type=\"widget\" data-settings=\"{&quot;thegem_elementor_preset&quot;:&quot;tiny&quot;}\" data-widget_type=\"thegem-infobox.default\">\n\t\t\t\t<div class=\"elementor-widget-container\">\n\t\t\t\t\t\n<div class=\"gem-infobox styled-textbox-tiny \">\n\n\t\n\t\t<div class=\"gem-infobox-top gem-infobox-top-none default-fill\">\n\t\t\t\t\t<\/div>\n\t\n\t<div class=\"gem-infobox-inner\">\n\n\t\t<div class=\"gem-infobox-content default gem-infobox-icon-horizontal-left gem-infobox-icon-image-wrapping-inline\">\n\n\t\t\t\t\t\t\t<div class=\"gem-texbox-icon-image-wrapper\">\n\n\t\t\t\t\t\t\t\t\t\t\t<div class=\"default left\">\n\t\t\t\t\t\t\t<div class=\"gem-infobox-icon\">\n\t\t\t\t\t\t\t\t<div class=\"elementor-icon\">\n\t\t\t\t\t\t\t\t\t<i aria-hidden=\"true\" class=\"gem-elegant icon-documents-alt\"><\/i>\t\t\t\t\t\t\t\t<\/div>\n\t\t\t\t\t\t\t<\/div>\n\t\t\t\t\t\t<\/div>\n\t\t\t\t\t\n\t\t\t\t\t\n\t\t\t\t<\/div>\n\t\t\t\n\t\t\t<div class=\"gem-texbox-text-wrapper\">\n\n\t\t\t\t\t\t\t\t\t\n\t\t\t\t\t\t<div class=\"gem-infobox-title text-body-tiny light\">\n\t\t\t\t\t\t\tTiempo de lectura 5 min\t\t\t\t\t\t<\/div>\n\n\t\t\t\t\t\n\t\t\t\t\t\n\t\t\t\t\t\n\t\t\t\t\n\t\t\t<\/div>\n\n\t\t<\/div>\n\n\t<\/div>\n\n\t\n\t\t<div class=\"gem-infobox-bottom gem-infobox-bottom-none default-fill\">\n\t\t\t\t<\/div>\n\t\n\t\n<\/div>\n\t\t\t\t<\/div>\n\t\t\t\t<\/div>\n\t\t\t\t<div class=\"elementor-element elementor-element-78db57b flex-horizontal-align-default flex-horizontal-align-tablet-default flex-horizontal-align-mobile-default flex-vertical-align-default flex-vertical-align-tablet-default flex-vertical-align-mobile-default elementor-widget elementor-widget-text-editor\" data-id=\"78db57b\" data-element_type=\"widget\" data-widget_type=\"text-editor.default\">\n\t\t\t\t<div class=\"elementor-widget-container\">\n\t\t\t\t\t\t\t\t\t\t\t\t<div class=\"elementor-text-editor elementor-clearfix\">\r\n\t\t\t\t\t\t<p><span style=\"font-weight: 400;\">Despu\u00e9s de dos a\u00f1os intensos de trabajo compartido, el proyecto europeo<\/span> <b>GRESODI<\/b> <span style=\"font-weight: 400;\">(GREen, SOcial, DIgital) llega ahora a su punto final, y queremos abrir este momento a todos los que quieran sumarse.<\/span><\/p><p><span style=\"font-weight: 400;\">El pr\u00f3ximo<\/span> <b>8 de octubre de 2025<\/b> <span style=\"font-weight: 400;\">tendr\u00e1 lugar la jornada de clausura en el Centro Cultural E\u00f6tv\u00f6s10 de Budapest, con la posibilidad de seguirla tambi\u00e9n online a trav\u00e9s de Zoom.<\/span><\/p><p><span style=\"font-weight: 400;\">GRESODI, impulsado con el apoyo del programa EaSI del Fondo Social Europeo Plus (FSE+), ha acompa\u00f1ado a emprendedoras sociales y entidades de la Econom\u00eda Social y Solidaria (ESS) de Hungr\u00eda, Austria y Catalu\u00f1a en su transici\u00f3n verde y digital, a la vez que ha contribuido a consolidar el ecosistema de los tres territorios.<\/span><span style=\"font-weight: 400;\"><br> <span style=\"font-weight: 400;\">En total, 15 organizaciones han participado en un programa intensivo con formaciones, soporte econ\u00f3mico y espacios de networking internacional. Tambi\u00e9n se ha realizado un concurso de v\u00eddeos que ha dado visibilidad a las iniciativas y reforzado los v\u00ednculos entre proyectos.<\/span><\/span><\/p><p><span style=\"font-weight: 400;\">La jornada contar\u00e1 con las ponencias de Hungr\u00eda, Austria y Catalu\u00f1a, que compartir\u00e1n visiones y experiencias sobre el emprendimiento social y el ESS en sus territorios. En el caso de Catalu\u00f1a, intervendr\u00e1<\/span> <b>Elisa Segu\u00e9s<\/b> <span style=\"font-weight: 400;\">,<\/span> <span style=\"font-weight: 400;\">coordinadora t\u00e9cnica de la Red de Ateneos Cooperativos (XMESS). Este intercambio con otros pa\u00edses ser\u00e1 una oportunidad para aprender e inspirarnos mutuamente.<\/span><\/p><p><span style=\"font-weight: 400;\">Tambi\u00e9n se har\u00e1 la presentaci\u00f3n del<\/span> <b>White Paper GRESODI<\/b> <span style=\"font-weight: 400;\">, un documento que recoge los resultados del proyecto y formula recomendaciones pol\u00edticas y estrat\u00e9gicas concretas. Una herramienta pensada para responsables pol\u00edticos, instituciones y organizaciones que deseamos impulsar nuevas perspectivas y l\u00edneas de acci\u00f3n en este \u00e1mbito.<\/span><\/p><p><span style=\"font-weight: 400;\">Esta clausura no es solo el final de un proyecto, sino tambi\u00e9n una celebraci\u00f3n colectiva. Queremos agradecer a todas las personas, entidades e instituciones p\u00fablicas que nos han apoyado y han hecho posible este camino. Ser\u00e1 un espacio para mirar atr\u00e1s y ver todo lo que hemos construido juntos, pero sobre todo para proyectar lo que puede venir despu\u00e9s.  <\/span><\/p><p><b>Informaci\u00f3n pr\u00e1ctica<\/b><\/p><p><span style=\"font-weight: 400;\"><img class=\"emoji\" role=\"img\" draggable=\"false\" src=\"https:\/\/s.w.org\/images\/core\/emoji\/16.0.1\/svg\/1f4c5.svg\" alt=\"\ud83d\udcc5\"> <\/span><b>Fecha y hora:<\/b> <span style=\"font-weight: 400;\">8 de octubre de 2025, de 10:00 a 14:15h<\/span><span style=\"font-weight: 400;\"><br><\/span><span style=\"font-weight: 400;\"> <img class=\"emoji\" role=\"img\" draggable=\"false\" src=\"https:\/\/s.w.org\/images\/core\/emoji\/16.0.1\/svg\/1f4cd.svg\" alt=\"\ud83d\udccd\"> <\/span><b>Lugar:<\/b> <span style=\"font-weight: 400;\">Centro Cultural E\u00f6tv\u00f6s10 (Budapest) o online v\u00eda Zoom<\/span><span style=\"font-weight: 400;\"><br><\/span><span style=\"font-weight: 400;\"> <img class=\"emoji\" role=\"img\" draggable=\"false\" src=\"https:\/\/s.w.org\/images\/core\/emoji\/16.0.1\/svg\/1f30d.svg\" alt=\"\ud83c\udf0d\"> <\/span><b>Idioma:<\/b> <span style=\"font-weight: 400;\">ingl\u00e9s, con interpretaci\u00f3n simult\u00e1nea al catal\u00e1n<\/span><span style=\"font-weight: 400;\"><br><\/span><span style=\"font-weight: 400;\"> <img class=\"emoji\" role=\"img\" draggable=\"false\" src=\"https:\/\/s.w.org\/images\/core\/emoji\/16.0.1\/svg\/2705.svg\" alt=\"\u2705\"> <\/span><b>Inscripci\u00f3n:<\/b> <span style=\"font-weight: 400;\">Tanto si puede seguir toda la jornada como si s\u00f3lo se conecta a alguno de los momentos clave<\/span><\/p><p><span style=\"font-weight: 400;\"> <\/span><\/p>\t\t\t\t\t\t\t<\/div>\r\n\t\t\t\t\t\t\t\t\t\t<\/div>\n\t\t\t\t<\/div>\n\t\t\t\t<div class=\"elementor-element elementor-element-d9df140 elementor-align-center flex-horizontal-align-default flex-horizontal-align-tablet-default flex-horizontal-align-mobile-default flex-vertical-align-default flex-vertical-align-tablet-default flex-vertical-align-mobile-default elementor-widget elementor-widget-button\" data-id=\"d9df140\" data-element_type=\"widget\" data-widget_type=\"button.default\">\n\t\t\t\t<div class=\"elementor-widget-container\">\n\t\t\t\t\t\t\t\t\t<div class=\"elementor-button-wrapper\">\n\t\t\t\t\t<a class=\"elementor-button elementor-button-link elementor-size-lg\" href=\"https:\/\/docs.google.com\/forms\/d\/e\/1FAIpQLSf4fvtgLx68UiOHetEOoHNn76_MvYDkdq2eDy49aRG3Ut2jiA\/viewform\" target=\"_blank\">\n\t\t\t\t\t\t<span class=\"elementor-button-content-wrapper\">\n\t\t\t\t\t\t\t\t\t<span class=\"elementor-button-text\">Inscr\u00edbete aqu\u00ed<\/span>\n\t\t\t\t\t<\/span>\n\t\t\t\t\t<\/a>\n\t\t\t\t<\/div>\n\t\t\t\t\t\t\t\t<\/div>\n\t\t\t\t<\/div>\n\t\t\t\t<div class=\"elementor-element elementor-element-de3b04e elementor-align-center flex-horizontal-align-default flex-horizontal-align-tablet-default flex-horizontal-align-mobile-default flex-vertical-align-default flex-vertical-align-tablet-default flex-vertical-align-mobile-default elementor-widget elementor-widget-button\" data-id=\"de3b04e\" data-element_type=\"widget\" data-widget_type=\"button.default\">\n\t\t\t\t<div class=\"elementor-widget-container\">\n\t\t\t\t\t\t\t\t\t<div class=\"elementor-button-wrapper\">\n\t\t\t\t\t<a class=\"elementor-button elementor-button-link elementor-size-md\" href=\"https:\/\/drive.google.com\/file\/d\/166a6ilZeZLgMtocUDRByBW3OlAZEx1MY\/view?usp=sharing\" target=\"_blank\">\n\t\t\t\t\t\t<span class=\"elementor-button-content-wrapper\">\n\t\t\t\t\t\t\t\t\t<span class=\"elementor-button-text\">Consulta el programa completo<\/span>\n\t\t\t\t\t<\/span>\n\t\t\t\t\t<\/a>\n\t\t\t\t<\/div>\n\t\t\t\t\t\t\t\t<\/div>\n\t\t\t\t<\/div>\n\t\t\t\t\t<\/div>\n\t\t<\/div>\n\t\t\t\t\t<\/div><\/div>\r\n\t\t<\/section>\r\n\t\t\t\t<section class=\"elementor-section elementor-top-section elementor-element elementor-element-25062222 elementor-section-boxed elementor-section-height-default elementor-section-height-default\" data-id=\"25062222\" data-element_type=\"section\">\r\n\t\t\t\t\t\t<div class=\"elementor-container elementor-column-gap-thegem\"><div class=\"elementor-row\">\r\n\t\t\t\t\t<div class=\"elementor-column elementor-col-100 elementor-top-column elementor-element elementor-element-6381e9c9\" data-id=\"6381e9c9\" data-element_type=\"column\">\n\t\t\t<div class=\"elementor-widget-wrap elementor-element-populated\">\n\t\t\t\t\t\t<div class=\"elementor-element elementor-element-254e1b0c flex-horizontal-align-default flex-horizontal-align-tablet-default flex-horizontal-align-mobile-default flex-vertical-align-default flex-vertical-align-tablet-default flex-vertical-align-mobile-default elementor-widget elementor-widget-text-editor\" data-id=\"254e1b0c\" data-element_type=\"widget\" data-widget_type=\"text-editor.default\">\n\t\t\t\t<div class=\"elementor-widget-container\">\n\t\t\t\t\t\t\t\t\t\t\t\t<div class=\"elementor-text-editor elementor-clearfix\">\r\n\t\t\t\t\t\t<p>Proyecto impulsado por:<\/p><p> <\/p><p><img class=\"alignnone wp-image-11272 size-full\" src=\"https:\/\/factocooperativa.com\/wp-content\/uploads\/2024\/02\/Logos_gresodi.jpg\" alt=\"\" width=\"1100\" height=\"192\" srcset=\"https:\/\/factocooperativa.com\/wp-content\/uploads\/2024\/02\/Logos_gresodi.jpg 1100w, https:\/\/factocooperativa.com\/wp-content\/uploads\/2024\/02\/Logos_gresodi-300x52.jpg 300w, https:\/\/factocooperativa.com\/wp-content\/uploads\/2024\/02\/Logos_gresodi-1024x179.jpg 1024w, https:\/\/factocooperativa.com\/wp-content\/uploads\/2024\/02\/Logos_gresodi-768x134.jpg 768w\" sizes=\"(max-width: 1100px) 100vw, 1100px\" \/><\/p>\t\t\t\t\t\t\t<\/div>\r\n\t\t\t\t\t\t\t\t\t\t<\/div>\n\t\t\t\t<\/div>\n\t\t\t\t\t<\/div>\n\t\t<\/div>\n\t\t\t\t\t<\/div><\/div>\r\n\t\t<\/section>\r\n\t\t\t\t<\/div>\n\t\t","protected":false},"excerpt":{"rendered":"<p>Despu\u00e9s de dos a\u00f1os intensos de trabajo compartido, el proyecto europeo GRESODI (GREen, SOcial, DIgital) llega ahora a su punto final, y queremos abrir este momento a todos los que quieran sumarse.<\/p>\n","protected":false},"author":1,"featured_media":13829,"comment_status":"closed","ping_status":"closed","sticky":false,"template":"","format":"standard","meta":{"footnotes":""},"categories":[155,163,184],"tags":[],"class_list":{"0":"post-13833","1":"post","2":"type-post","3":"status-publish","4":"format-standard","5":"has-post-thumbnail","7":"category-emprendimiento","8":"category-europa-es","9":"category-gresodi-es"},"menu_order":0,"_links":{"self":[{"href":"https:\/\/factocooperativa.com\/es\/wp-json\/wp\/v2\/posts\/13833","targetHints":{"allow":["GET"]}}],"collection":[{"href":"https:\/\/factocooperativa.com\/es\/wp-json\/wp\/v2\/posts"}],"about":[{"href":"https:\/\/factocooperativa.com\/es\/wp-json\/wp\/v2\/types\/post"}],"author":[{"embeddable":true,"href":"https:\/\/factocooperativa.com\/es\/wp-json\/wp\/v2\/users\/1"}],"replies":[{"embeddable":true,"href":"https:\/\/factocooperativa.com\/es\/wp-json\/wp\/v2\/comments?post=13833"}],"version-history":[{"count":4,"href":"https:\/\/factocooperativa.com\/es\/wp-json\/wp\/v2\/posts\/13833\/revisions"}],"predecessor-version":[{"id":13837,"href":"https:\/\/factocooperativa.com\/es\/wp-json\/wp\/v2\/posts\/13833\/revisions\/13837"}],"wp:featuredmedia":[{"embeddable":true,"href":"https:\/\/factocooperativa.com\/es\/wp-json\/wp\/v2\/media\/13829"}],"wp:attachment":[{"href":"https:\/\/factocooperativa.com\/es\/wp-json\/wp\/v2\/media?parent=13833"}],"wp:term":[{"taxonomy":"category","embeddable":true,"href":"https:\/\/factocooperativa.com\/es\/wp-json\/wp\/v2\/categories?post=13833"},{"taxonomy":"post_tag","embeddable":true,"href":"https:\/\/factocooperativa.com\/es\/wp-json\/wp\/v2\/tags?post=13833"}],"curies":[{"name":"wp","href":"https:\/\/api.w.org\/{rel}","templated":true}]}}