{"id":13566,"date":"2025-07-21T10:38:28","date_gmt":"2025-07-21T10:38:28","guid":{"rendered":"https:\/\/factocooperativa.com\/comunicacion-etica-en-tiempo-de-greenwashing\/"},"modified":"2025-07-21T10:58:52","modified_gmt":"2025-07-21T10:58:52","slug":"comunicacion-etica-en-tiempo-de-greenwashing","status":"publish","type":"post","link":"https:\/\/factocooperativa.com\/es\/comunicacion-etica-en-tiempo-de-greenwashing\/","title":{"rendered":"Comunicaci\u00f3n \u00e9tica en tiempo de greenwashing"},"content":{"rendered":"\t\t<div data-elementor-type=\"wp-post\" data-elementor-id=\"13566\" class=\"elementor elementor-13566 elementor-13549\">\n\t\t\t\t\t\t<section class=\"elementor-section elementor-top-section elementor-element elementor-element-900345a elementor-section-boxed elementor-section-height-default elementor-section-height-default\" data-id=\"900345a\" data-element_type=\"section\">\r\n\t\t\t\t\t\t<div class=\"elementor-container elementor-column-gap-thegem\"><div class=\"elementor-row\">\r\n\t\t\t\t\t<div class=\"elementor-column elementor-col-100 elementor-top-column elementor-element elementor-element-7511fc7\" data-id=\"7511fc7\" data-element_type=\"column\">\n\t\t\t<div class=\"elementor-widget-wrap elementor-element-populated\">\n\t\t\t\t\t\t<div class=\"elementor-element elementor-element-4f2ecc6 flex-horizontal-align-default flex-horizontal-align-tablet-default flex-horizontal-align-mobile-default flex-vertical-align-default flex-vertical-align-tablet-default flex-vertical-align-mobile-default elementor-widget elementor-widget-heading\" data-id=\"4f2ecc6\" data-element_type=\"widget\" data-widget_type=\"heading.default\">\n\t\t\t\t<div class=\"elementor-widget-container\">\n\t\t\t\t\t<h2 class=\"elementor-heading-title elementor-size-default\">Hacer pol\u00edtica con la comunicaci\u00f3n<\/h2>\t\t\t\t<\/div>\n\t\t\t\t<\/div>\n\t\t\t\t\t<\/div>\n\t\t<\/div>\n\t\t\t\t\t<\/div><\/div>\r\n\t\t<\/section>\r\n\t\t\t\t<section class=\"elementor-section elementor-top-section elementor-element elementor-element-2b26c00e elementor-section-stretched elementor-section-boxed elementor-section-height-default elementor-section-height-default\" data-id=\"2b26c00e\" data-element_type=\"section\" data-settings=\"{&quot;stretch_section&quot;:&quot;section-stretched&quot;,&quot;background_background&quot;:&quot;classic&quot;}\">\r\n\t\t\t\t\t\t<div class=\"elementor-container elementor-column-gap-thegem\"><div class=\"elementor-row\">\r\n\t\t\t\t\t<div class=\"elementor-column elementor-col-50 elementor-top-column elementor-element elementor-element-13bfd00a\" data-id=\"13bfd00a\" data-element_type=\"column\" data-settings=\"{&quot;background_background&quot;:&quot;classic&quot;}\">\n\t\t\t<div class=\"elementor-widget-wrap elementor-element-populated\">\n\t\t\t\t\t\t<div class=\"elementor-element elementor-element-43f29026 flex-horizontal-align-default flex-horizontal-align-tablet-default flex-horizontal-align-mobile-default flex-vertical-align-default flex-vertical-align-tablet-default flex-vertical-align-mobile-default elementor-widget elementor-widget-thegem-icon\" data-id=\"43f29026\" data-element_type=\"widget\" data-settings=\"{&quot;thegem_elementor_preset&quot;:&quot;circle&quot;}\" data-widget_type=\"thegem-icon.default\">\n\t\t\t\t<div class=\"elementor-widget-container\">\n\t\t\t\t\t\t\t\t\t<div class=\"left-box icon-inline-position\">\n\n\t\t\t\t<a role=\"button\" aria-label=\"Read more\">\n\n\t\t\t\t<div class=\"gem-icon gem-icon-pack-fontawesome gem-icon-size-medium  gem-icon-shape-circle \">\n\n\t\t\t\t\n\t\t\t\t<div class=\"gem-icon-inner\">\n\n\t\t\t\t\n\t\t\t\t\t\t\t\t\t<div class=\"padding-box-inner\">\n\t\t\t\t\n\n\t\t\t\t\t\t\t\t\t<span class=\"gem-icon-half-1\"><span class=\"back-angle\">\n\t\t\t\t\t<i aria-hidden=\"true\" class=\"fas fa-exclamation-circle\"><\/i>\t\t\t\t\t<\/span><\/span>\n\t\t\t\t\t<span class=\"gem-icon-half-2\"><span class=\"back-angle\">\n\t\t\t\t\t<i aria-hidden=\"true\" class=\"fas fa-exclamation-circle\"><\/i>\t\t\t\t\t<\/span><\/span>\n\t\t\t\t\n\t\t\t\t<\/div>\n\n\t\t\t\t\n\t\t\t\t\t\t\t\t\t<\/div>\n\t\t\t\t\n\t\t\t\t<\/div>\n\n\t\t\t\t<\/a>\n\n\t\t\t\t<\/div>\n\t\t\t\t\t\t\t<\/div>\n\t\t\t\t<\/div>\n\t\t\t\t<div class=\"elementor-element elementor-element-5293cf26 flex-horizontal-align-default flex-horizontal-align-tablet-default flex-horizontal-align-mobile-default flex-vertical-align-default flex-vertical-align-tablet-default flex-vertical-align-mobile-default elementor-invisible elementor-widget elementor-widget-text-editor\" data-id=\"5293cf26\" data-element_type=\"widget\" data-settings=\"{&quot;_animation&quot;:&quot;fadeInUp&quot;}\" data-widget_type=\"text-editor.default\">\n\t\t\t\t<div class=\"elementor-widget-container\">\n\t\t\t\t\t\t\t\t\t\t\t\t<div class=\"elementor-text-editor elementor-clearfix\">\r\n\t\t\t\t\t\t<h3>Reivindicar una comunicaci\u00f3n con valores en un mercado lleno de &#8216;MENTIRAS&#8217; verdes<\/h3>\n<p>En un mundo lleno de <em data-start=\"121\" data-end=\"135\">greenwashing<\/em> , la econom\u00eda social y solidaria tiene un reto (y una oportunidad): <b>comunicar con valores reales<\/b> . Huimos del marketing vac\u00edo y explicamos qu\u00e9 hacemos con transparencia, proximidad y coherencia. Porque comunicar no es s\u00f3lo &#8216;vender&#8217;: es transformar, cuidar y poner la vida en el centro.  <\/p>\n\t\t\t\t\t\t\t<\/div>\r\n\t\t\t\t\t\t\t\t\t\t<\/div>\n\t\t\t\t<\/div>\n\t\t\t\t\t<\/div>\n\t\t<\/div>\n\t\t\t\t<div class=\"elementor-column elementor-col-50 elementor-top-column elementor-element elementor-element-4e98ebfe\" data-id=\"4e98ebfe\" data-element_type=\"column\" data-settings=\"{&quot;background_background&quot;:&quot;classic&quot;}\">\n\t\t\t<div class=\"elementor-widget-wrap\">\n\t\t\t\t\t\t\t<\/div>\n\t\t<\/div>\n\t\t\t\t\t<\/div><\/div>\r\n\t\t<\/section>\r\n\t\t\t\t<section class=\"elementor-section elementor-top-section elementor-element elementor-element-53dc858 elementor-section-boxed elementor-section-height-default elementor-section-height-default\" data-id=\"53dc858\" data-element_type=\"section\">\r\n\t\t\t\t\t\t<div class=\"elementor-container elementor-column-gap-thegem\"><div class=\"elementor-row\">\r\n\t\t\t\t\t<div class=\"elementor-column elementor-col-100 elementor-top-column elementor-element elementor-element-f1565ae\" data-id=\"f1565ae\" data-element_type=\"column\">\n\t\t\t<div class=\"elementor-widget-wrap elementor-element-populated\">\n\t\t\t\t\t\t<div class=\"elementor-element elementor-element-a812061 flex-horizontal-align-default flex-horizontal-align-tablet-default flex-horizontal-align-mobile-default flex-vertical-align-default flex-vertical-align-tablet-default flex-vertical-align-mobile-default elementor-widget elementor-widget-thegem-infobox\" data-id=\"a812061\" data-element_type=\"widget\" data-settings=\"{&quot;thegem_elementor_preset&quot;:&quot;tiny&quot;}\" data-widget_type=\"thegem-infobox.default\">\n\t\t\t\t<div class=\"elementor-widget-container\">\n\t\t\t\t\t\n<div class=\"gem-infobox styled-textbox-tiny \">\n\n\t\n\t\t<div class=\"gem-infobox-top gem-infobox-top-none default-fill\">\n\t\t\t\t\t<\/div>\n\t\n\t<div class=\"gem-infobox-inner\">\n\n\t\t<div class=\"gem-infobox-content default gem-infobox-icon-horizontal-left gem-infobox-icon-image-wrapping-inline\">\n\n\t\t\t\t\t\t\t<div class=\"gem-texbox-icon-image-wrapper\">\n\n\t\t\t\t\t\t\t\t\t\t\t<div class=\"default left\">\n\t\t\t\t\t\t\t<div class=\"gem-infobox-icon\">\n\t\t\t\t\t\t\t\t<div class=\"elementor-icon\">\n\t\t\t\t\t\t\t\t\t<i aria-hidden=\"true\" class=\"gem-elegant icon-documents-alt\"><\/i>\t\t\t\t\t\t\t\t<\/div>\n\t\t\t\t\t\t\t<\/div>\n\t\t\t\t\t\t<\/div>\n\t\t\t\t\t\n\t\t\t\t\t\n\t\t\t\t<\/div>\n\t\t\t\n\t\t\t<div class=\"gem-texbox-text-wrapper\">\n\n\t\t\t\t\t\t\t\t\t\n\t\t\t\t\t\t<div class=\"gem-infobox-title text-body-tiny light\">\n\t\t\t\t\t\t\tTiempo de lectura 4 min\t\t\t\t\t\t<\/div>\n\n\t\t\t\t\t\n\t\t\t\t\t\n\t\t\t\t\t\n\t\t\t\t\n\t\t\t<\/div>\n\n\t\t<\/div>\n\n\t<\/div>\n\n\t\n\t\t<div class=\"gem-infobox-bottom gem-infobox-bottom-none default-fill\">\n\t\t\t\t<\/div>\n\t\n\t\n<\/div>\n\t\t\t\t<\/div>\n\t\t\t\t<\/div>\n\t\t\t\t<div class=\"elementor-element elementor-element-78db57b flex-horizontal-align-default flex-horizontal-align-tablet-default flex-horizontal-align-mobile-default flex-vertical-align-default flex-vertical-align-tablet-default flex-vertical-align-mobile-default elementor-widget elementor-widget-text-editor\" data-id=\"78db57b\" data-element_type=\"widget\" data-widget_type=\"text-editor.default\">\n\t\t\t\t<div class=\"elementor-widget-container\">\n\t\t\t\t\t\t\t\t\t\t\t\t<div class=\"elementor-text-editor elementor-clearfix\">\r\n\t\t\t\t\t\t<p>Vivimos rodeadas de discursos verdes, etiquetas sostenibles y promesas de responsabilidad social. El marketing actual ha aprendido a disfrazarse de comprometido, de ecofeminista, de \u00e9tico. Pero&#8230; \u00bfcu\u00e1ntas de estas campa\u00f1as tienen realmente una pr\u00e1ctica transformadora detr\u00e1s? El <i>greenwashing<\/i> -aquella estrategia que utiliza la sostenibilidad como reclamo sin sostenerla con acciones reales- se ha convertido en una herramienta para maquillar inercias extractivas y continuar con el mismo modelo de siempre.   <\/p>\n<p>Ante esta realidad, las organizaciones de la econom\u00eda social y solidaria (ESS) nos encontramos con un doble reto comunicativo. Por un lado, luchar contra el ruido del marketing vac\u00edo y, por otro, explicar qui\u00e9nes somos y qu\u00e9 hacemos sin renunciar a nuestros valores ni simplificar nuestros procesos. Sabemos que transformamos la econom\u00eda desde la base pero comunicarlo no es sencillo.  <\/p>\n<p>Hemos aprendido a poner la vida en el centro, pero a menudo no sabemos c\u00f3mo hacer que ese centro sea visible para quien nos escucha. Y esto no es una cuesti\u00f3n de carencia de capacidad, sino de modelos. El marketing hegem\u00f3nico ha sido creado, hist\u00f3ricamente, para vender, no para cuidar. Para convencer, no para escuchar.   <\/p>\n<p>Desde la ESS, tenemos la oportunidad y la responsabilidad de repensar c\u00f3mo comunicamos: hacerlo desde la transparencia, la proximidad, el relato colectivo. Huir del lenguaje espectacular y adoptar una comunicaci\u00f3n que no prometa m\u00e1s de lo que puede ofrecer, que muestre dudas, procesos, aprendizajes, tensiones. Porque comunicar tambi\u00e9n es hacer pol\u00edtica.  <\/p>\n<p>Es necesario que nuestras voces sean plurales, inclusivas y accesibles. Es necesario que hablemos desde el territorio, desde los cuidados, desde las realidades diversas de todas las personas que formamos parte de este ecosistema transformador. Y hay que hacerlo con valent\u00eda: en un mundo donde todo llama para vender, nosotros podemos hablar para construir.  <\/p>\n<p>Por eso, hoy m\u00e1s que nunca, el marketing no es s\u00f3lo una herramienta, es un espacio de disputa. Y si queremos que la comunicaci\u00f3n est\u00e9 realmente al servicio de la vida, debemos hacerla nuestra. <\/p>\n\t\t\t\t\t\t\t<\/div>\r\n\t\t\t\t\t\t\t\t\t\t<\/div>\n\t\t\t\t<\/div>\n\t\t\t\t\t<\/div>\n\t\t<\/div>\n\t\t\t\t\t<\/div><\/div>\r\n\t\t<\/section>\r\n\t\t\t\t<section class=\"elementor-section elementor-top-section elementor-element elementor-element-24687f6d elementor-section-stretched elementor-section-boxed elementor-section-height-default elementor-section-height-default\" data-id=\"24687f6d\" data-element_type=\"section\" data-settings=\"{&quot;background_background&quot;:&quot;classic&quot;,&quot;stretch_section&quot;:&quot;section-stretched&quot;,&quot;thegem_parallax_activate&quot;:&quot;yes&quot;,&quot;thegem_parallax_type&quot;:&quot;vertical&quot;}\">\r\n\t\t\t\t\t\t\t<div class=\"elementor-background-overlay\"><\/div>\r\n\t\t\t\t\t\t\t<div class=\"elementor-container elementor-column-gap-thegem\"><div class=\"elementor-row\">\r\n\t\t\t\t\t<div class=\"elementor-column elementor-col-100 elementor-top-column elementor-element elementor-element-28d443b2\" data-id=\"28d443b2\" data-element_type=\"column\">\n\t\t\t<div class=\"elementor-widget-wrap elementor-element-populated\">\n\t\t\t\t\t\t<div class=\"elementor-element elementor-element-1fe806e0 flex-horizontal-align-default flex-horizontal-align-tablet-default flex-horizontal-align-mobile-default flex-vertical-align-default flex-vertical-align-tablet-default flex-vertical-align-mobile-default elementor-widget elementor-widget-thegem-cta\" data-id=\"1fe806e0\" data-element_type=\"widget\" data-settings=\"{&quot;thegem_elementor_preset&quot;:&quot;outlined-thin&quot;}\" data-widget_type=\"thegem-cta.default\">\n\t\t\t\t<div class=\"elementor-widget-container\">\n\t\t\t\t\t\n<div class=\"gem-alert-box\">\n\n\t\n\t\t<div class=\"gem-alert-box-top gem-alert-box-top-none default-fill\">\n\t\t\t\t\t<\/div>\n\t\n\t<div class=\"gem-alert-inner bordered-box icon-top button-bottom\">\n\n\t\t\t\n\n\t\t\t\t\t\t\t<div class=\"gem-alert-box-picture\">\n\t\t\t\t\t\t<div class=\"gem-cta-icon-image-wrapper\">\n\t\t\n\t\t\t<div class=\"gem-icon gem-icon-pack-fontawesome gem-icon-size-medium  gem-icon-shape-default\">\n\n\t\t\t\t\n\t\t\t\t<div class=\"icon-hover-bg fade\"><\/div>\n\n\t\t\t\t<div class=\"gem-icon-inner\">\n\t\t\t\t\t\n\t\t\t\t\t\t\t\t\t\t\t\t<div class=\"padding-box-inner\">\n\t\t\t\t\t\t\t\n\t\t\t\t\t\t\t\t\t\t\t\t\t\t\t<span class=\"gem-icon-half-1\">\n\t\t\t\t\t\t\t\t\t<span class=\"back-angle\">\n\t\t\t\t\t\t\t\t\t\t<i aria-hidden=\"true\" class=\"gem-mdi mdi-rocket\"><\/i>\t\t\t\t\t\t\t\t\t<\/span>\n\t\t\t\t\t\t\t\t<\/span>\n\t\t\t\t\t\t\t\t<span class=\"gem-icon-half-2\">\n\t\t\t\t\t\t\t\t\t<span class=\"back-angle\">\n\t\t\t\t\t\t\t\t\t\t<i aria-hidden=\"true\" class=\"gem-mdi mdi-rocket\"><\/i>\t\t\t\t\t\t\t\t\t<\/span>\n\t\t\t\t\t\t\t\t<\/span>\n\t\t\t\t\t\t\t\n\t\t\t\t\t\t<\/div>\n\n\t\t\t\t\t\t\n\t\t\t\t\t\t\t\t\t<\/div>\n\t\t\t\t\n\t\t\t<\/div>\n\n\t\t\n\t\t\t<\/div>\n\t\t\t\t<\/div>\n\t\t\t\n\t\t\t<div class=\"gem-alert-box-content\">\n\t\t\t\t\t\t\t\t\t\n\t\t\t\t<div class=\"gem-cta-title title-h2 light\">\n\t\t\t\t\tComunicar DESDE LA VERDAD TAMBI\u00c9N VENDE\t\t\t\t<\/div>\n\n\t\t\t\n\n\t\t\t\n\t\t\t\t<div class=\"gem-cta-description gem-text-output\">\n\t\t\t\t\t<p><span style=\"font-weight: 400\">\u00bfCreamos equipo?<\/span><\/p>\t\t\t\t<\/div>\n\t\t\t\n\t\t\t\t\t<\/div>\n\n\t\t\t<div class=\"gem-alert-box-buttons\">\n\t\t\t\t\n\t\t\t\t\t\t\t\t\t\t\t<div class=\"gem-button-container-1 gem-widget-button\">\n\t\t\t\t\t\t\t\t\t\t<a class=\"gem-button gem-button-size-medium gem-button-text-weight-thin gem-button-style-outline\" target=\"_blank\" href=\"mailto:info@facto.cat\">\n\t\t\t\t\t\t<span class=\"gem-inner-wrapper-btn\">\n\t\t\t\t\t\t\t\t\t\t\t\t\t\t<span class=\"gem-text-button\">\n\t\t\t\t\t\t\t\tContactar\t\t\t\t\t\t\t<\/span>\n\t\t\t\t\t\t<\/span>\n\t\t\t\t\t<\/a>\n\t\t\t\t<\/div>\n\t\t\t\n\t\t\t\t\t\t<\/div>\n\n\t\t\t\n\n\t<\/div>\n\n\t\n\t\t<div class=\"gem-alert-box-bottom gem-alert-box-bottom-none default-fill\">\n\t\t\t\t<\/div>\n\t<\/div>\t\t\t\t<\/div>\n\t\t\t\t<\/div>\n\t\t\t\t\t<\/div>\n\t\t<\/div>\n\t\t\t\t\t<\/div><\/div>\r\n\t\t<\/section>\r\n\t\t\t\t<\/div>\n\t\t","protected":false},"excerpt":{"rendered":"<p>La comunicaci\u00f3n \u00e9tica es un reto clave para la econom\u00eda social y solidaria (ESS) en un contexto en el que abundan discursos verdes y promesas vac\u00edas marcadas por el greenwashing. Mientras el marketing convencional vende sostenibilidad sin fundamentos, la ESS debe comunicar su pr\u00e1ctica transformadora sin simplificarla ni renunciar a sus valores. <\/p>\n","protected":false},"author":1,"featured_media":13565,"comment_status":"closed","ping_status":"closed","sticky":false,"template":"","format":"standard","meta":{"footnotes":""},"categories":[145,155,165],"tags":[],"class_list":{"0":"post-13566","1":"post","2":"type-post","3":"status-publish","4":"format-standard","5":"has-post-thumbnail","7":"category-articulos","8":"category-emprendimiento","9":"category-marketing"},"menu_order":0,"_links":{"self":[{"href":"https:\/\/factocooperativa.com\/es\/wp-json\/wp\/v2\/posts\/13566","targetHints":{"allow":["GET"]}}],"collection":[{"href":"https:\/\/factocooperativa.com\/es\/wp-json\/wp\/v2\/posts"}],"about":[{"href":"https:\/\/factocooperativa.com\/es\/wp-json\/wp\/v2\/types\/post"}],"author":[{"embeddable":true,"href":"https:\/\/factocooperativa.com\/es\/wp-json\/wp\/v2\/users\/1"}],"replies":[{"embeddable":true,"href":"https:\/\/factocooperativa.com\/es\/wp-json\/wp\/v2\/comments?post=13566"}],"version-history":[{"count":9,"href":"https:\/\/factocooperativa.com\/es\/wp-json\/wp\/v2\/posts\/13566\/revisions"}],"predecessor-version":[{"id":13575,"href":"https:\/\/factocooperativa.com\/es\/wp-json\/wp\/v2\/posts\/13566\/revisions\/13575"}],"wp:featuredmedia":[{"embeddable":true,"href":"https:\/\/factocooperativa.com\/es\/wp-json\/wp\/v2\/media\/13565"}],"wp:attachment":[{"href":"https:\/\/factocooperativa.com\/es\/wp-json\/wp\/v2\/media?parent=13566"}],"wp:term":[{"taxonomy":"category","embeddable":true,"href":"https:\/\/factocooperativa.com\/es\/wp-json\/wp\/v2\/categories?post=13566"},{"taxonomy":"post_tag","embeddable":true,"href":"https:\/\/factocooperativa.com\/es\/wp-json\/wp\/v2\/tags?post=13566"}],"curies":[{"name":"wp","href":"https:\/\/api.w.org\/{rel}","templated":true}]}}