{"id":10921,"date":"2023-12-18T10:51:02","date_gmt":"2023-12-18T10:51:02","guid":{"rendered":"https:\/\/factocooperativa.com\/volvemos-a-viajar-a-europa-con-el-proyecto-gresodi\/"},"modified":"2024-03-25T14:54:24","modified_gmt":"2024-03-25T14:54:24","slug":"volvemos-a-viajar-a-europa-con-el-proyecto-gresodi","status":"publish","type":"post","link":"https:\/\/factocooperativa.com\/es\/volvemos-a-viajar-a-europa-con-el-proyecto-gresodi\/","title":{"rendered":"Volvemos a viajar a Europa con el proyecto GRESODI"},"content":{"rendered":"\t\t<div data-elementor-type=\"wp-post\" data-elementor-id=\"10921\" class=\"elementor elementor-10921 elementor-10886\">\n\t\t\t\t\t\t<section class=\"elementor-section elementor-top-section elementor-element elementor-element-900345a elementor-section-boxed elementor-section-height-default elementor-section-height-default\" data-id=\"900345a\" data-element_type=\"section\">\r\n\t\t\t\t\t\t<div class=\"elementor-container elementor-column-gap-thegem\"><div class=\"elementor-row\">\r\n\t\t\t\t\t<div class=\"elementor-column elementor-col-100 elementor-top-column elementor-element elementor-element-7511fc7\" data-id=\"7511fc7\" data-element_type=\"column\">\n\t\t\t<div class=\"elementor-widget-wrap elementor-element-populated\">\n\t\t\t\t\t\t<div class=\"elementor-element elementor-element-4f2ecc6 flex-horizontal-align-default flex-horizontal-align-tablet-default flex-horizontal-align-mobile-default flex-vertical-align-default flex-vertical-align-tablet-default flex-vertical-align-mobile-default elementor-widget elementor-widget-heading\" data-id=\"4f2ecc6\" data-element_type=\"widget\" data-widget_type=\"heading.default\">\n\t\t\t\t<div class=\"elementor-widget-container\">\n\t\t\t\t\t<h2 class=\"elementor-heading-title elementor-size-default\">Con Facto volvemos a viajar a Europa con GRESODI<\/h2>\t\t\t\t<\/div>\n\t\t\t\t<\/div>\n\t\t\t\t\t<\/div>\n\t\t<\/div>\n\t\t\t\t\t<\/div><\/div>\r\n\t\t<\/section>\r\n\t\t\t\t<section class=\"elementor-section elementor-top-section elementor-element elementor-element-2b26c00e elementor-section-stretched elementor-section-boxed elementor-section-height-default elementor-section-height-default\" data-id=\"2b26c00e\" data-element_type=\"section\" data-settings=\"{&quot;stretch_section&quot;:&quot;section-stretched&quot;,&quot;background_background&quot;:&quot;classic&quot;}\">\r\n\t\t\t\t\t\t<div class=\"elementor-container elementor-column-gap-thegem\"><div class=\"elementor-row\">\r\n\t\t\t\t\t<div class=\"elementor-column elementor-col-50 elementor-top-column elementor-element elementor-element-13bfd00a\" data-id=\"13bfd00a\" data-element_type=\"column\" data-settings=\"{&quot;background_background&quot;:&quot;classic&quot;}\">\n\t\t\t<div class=\"elementor-widget-wrap elementor-element-populated\">\n\t\t\t\t\t\t<div class=\"elementor-element elementor-element-43f29026 flex-horizontal-align-default flex-horizontal-align-tablet-default flex-horizontal-align-mobile-default flex-vertical-align-default flex-vertical-align-tablet-default flex-vertical-align-mobile-default elementor-widget elementor-widget-thegem-icon\" data-id=\"43f29026\" data-element_type=\"widget\" data-settings=\"{&quot;thegem_elementor_preset&quot;:&quot;circle&quot;}\" data-widget_type=\"thegem-icon.default\">\n\t\t\t\t<div class=\"elementor-widget-container\">\n\t\t\t\t\t\t\t\t\t<div class=\"left-box icon-inline-position\">\n\n\t\t\t\t<a role=\"button\" aria-label=\"Read more\">\n\n\t\t\t\t<div class=\"gem-icon gem-icon-pack-fontawesome gem-icon-size-medium  gem-icon-shape-circle \">\n\n\t\t\t\t\n\t\t\t\t<div class=\"gem-icon-inner\">\n\n\t\t\t\t\n\t\t\t\t\t\t\t\t\t<div class=\"padding-box-inner\">\n\t\t\t\t\n\n\t\t\t\t\t\t\t\t\t<span class=\"gem-icon-half-1\"><span class=\"back-angle\">\n\t\t\t\t\t<i aria-hidden=\"true\" class=\"fas fa-exclamation-circle\"><\/i>\t\t\t\t\t<\/span><\/span>\n\t\t\t\t\t<span class=\"gem-icon-half-2\"><span class=\"back-angle\">\n\t\t\t\t\t<i aria-hidden=\"true\" class=\"fas fa-exclamation-circle\"><\/i>\t\t\t\t\t<\/span><\/span>\n\t\t\t\t\n\t\t\t\t<\/div>\n\n\t\t\t\t\n\t\t\t\t\t\t\t\t\t<\/div>\n\t\t\t\t\n\t\t\t\t<\/div>\n\n\t\t\t\t<\/a>\n\n\t\t\t\t<\/div>\n\t\t\t\t\t\t\t<\/div>\n\t\t\t\t<\/div>\n\t\t\t\t<div class=\"elementor-element elementor-element-5293cf26 flex-horizontal-align-default flex-horizontal-align-tablet-default flex-horizontal-align-mobile-default flex-vertical-align-default flex-vertical-align-tablet-default flex-vertical-align-mobile-default elementor-invisible elementor-widget elementor-widget-text-editor\" data-id=\"5293cf26\" data-element_type=\"widget\" data-settings=\"{&quot;_animation&quot;:&quot;fadeInUp&quot;}\" data-widget_type=\"text-editor.default\">\n\t\t\t\t<div class=\"elementor-widget-container\">\n\t\t\t\t\t\t\t\t\t\t\t\t<div class=\"elementor-text-editor elementor-clearfix\">\r\n\t\t\t\t\t\t<h3><b>\u00bfQu\u00e9 queremos conseguir con GRESODI?<\/b><\/h3>\n<p><span style=\"font-weight: 400;\">A todas nos llegan noticias sobre acontecimientos pol\u00edticos, como la cumbre COP28 sobre cambio clim\u00e1tico celebrada recientemente en Dubai o los grandes pactos pol\u00edticos como el <\/span><a href=\"https:\/\/commission.europa.eu\/strategy-and-policy\/priorities-2019-2024\/european-green-deal_es\" target=\"_blank\" rel=\"noopener\"><span style=\"font-weight: 400;\">Pacto Verde Europeu<\/span><\/a><span style=\"font-weight: 400;\"> y <\/span><a href=\"https:\/\/commission.europa.eu\/strategy-and-policy\/priorities-2019-2024\/europe-fit-digital-age\/europes-digital-decade-digital-targets-2030_es\" target=\"_blank\" rel=\"noopener\"><span style=\"font-weight: 400;\">La D\u00e9cada Digital de Europa<\/span><\/a><span style=\"font-weight: 400;\"> y a menudo pensamos que, como ciudadanas o como peque\u00f1as empresas, no tenemos mucho a decir o a hacer frente a las pol\u00edticas nacionales e internacionales.<\/span><\/p>\n<p><strong><i>\u00bfPero qu\u00e9 papel puede jugar la Econom\u00eda Social y Solidaria (ESS) para favorecer la transici\u00f3n ecol\u00f3gica y digital? <\/i><\/strong><\/p>\n\t\t\t\t\t\t\t<\/div>\r\n\t\t\t\t\t\t\t\t\t\t<\/div>\n\t\t\t\t<\/div>\n\t\t\t\t\t<\/div>\n\t\t<\/div>\n\t\t\t\t<div class=\"elementor-column elementor-col-50 elementor-top-column elementor-element elementor-element-4e98ebfe\" data-id=\"4e98ebfe\" data-element_type=\"column\" data-settings=\"{&quot;background_background&quot;:&quot;classic&quot;}\">\n\t\t\t<div class=\"elementor-widget-wrap\">\n\t\t\t\t\t\t\t<\/div>\n\t\t<\/div>\n\t\t\t\t\t<\/div><\/div>\r\n\t\t<\/section>\r\n\t\t\t\t<section class=\"elementor-section elementor-top-section elementor-element elementor-element-53dc858 elementor-section-boxed elementor-section-height-default elementor-section-height-default\" data-id=\"53dc858\" data-element_type=\"section\">\r\n\t\t\t\t\t\t<div class=\"elementor-container elementor-column-gap-thegem\"><div class=\"elementor-row\">\r\n\t\t\t\t\t<div class=\"elementor-column elementor-col-100 elementor-top-column elementor-element elementor-element-f1565ae\" data-id=\"f1565ae\" data-element_type=\"column\">\n\t\t\t<div class=\"elementor-widget-wrap elementor-element-populated\">\n\t\t\t\t\t\t<div class=\"elementor-element elementor-element-78db57b flex-horizontal-align-default flex-horizontal-align-tablet-default flex-horizontal-align-mobile-default flex-vertical-align-default flex-vertical-align-tablet-default flex-vertical-align-mobile-default elementor-widget elementor-widget-text-editor\" data-id=\"78db57b\" data-element_type=\"widget\" data-widget_type=\"text-editor.default\">\n\t\t\t\t<div class=\"elementor-widget-container\">\n\t\t\t\t\t\t\t\t\t\t\t\t<div class=\"elementor-text-editor elementor-clearfix\">\r\n\t\t\t\t\t\t<p><span style=\"font-weight: 400;\">Si hab\u00e9is continuado leyendo este art\u00edculo, seguro que adivin\u00e1is la respuesta. Las personas que participamos de la ESS sea c\u00f3mo emprendedoras, trabajadoras o consumidoras responsables, \u00a1tenemos mucho que decir y a hacer! <\/span><\/p>\n<p><span style=\"font-weight: 400;\">Y as\u00ed lo demuestra la resoluci\u00f3n para<\/span> <a href=\"https:\/\/ciriec.es\/wp-content\/uploads\/2023\/04\/resolucin-de-naciones-unidas-promover-la-economa-social-y-solidaria-para-el-desarrollo-sostenible-.pdf\" target=\"_blank\" rel=\"noopener\"><span style=\"font-weight: 400;\">\u201cPromover la Econom\u00eda Social y Solidaria por el desarrollo sostenible\u201d<\/span><\/a><span style=\"font-weight: 400;\"> aprobada por las Naciones Unidas en abril 2023, las organizaciones de la Econom\u00eda Social y Solidaria son actores claves para asegurar una transici\u00f3n digital sostenible. En efecto, las empresas de la ESS ofrecen productos y servicios m\u00e1s sostenibles y sus modelos de negocios toman m\u00e1s en cuenta las necesidades de las personas trabajadoras y de la ciudadan\u00eda en general.<\/span><\/p>\n<p><span style=\"font-weight: 400;\">Por eso, en este proyecto, FACTO se une a partners de la ESS europea para<\/span> <b>dinamizar el tejido empresarial de la Econom\u00eda Social y Solidaria en el \u00e1mbito rural en los territorios del proyecto para construir juntas una econom\u00eda m\u00e1s digital, verde e inclusiva.<\/b> <\/p>\n<\/p>\n<h5><b>\u00bfC\u00f3mo lo haremos?<\/b><\/h5>\n<p><span style=\"font-weight: 400;\">Para este viaje contamos con socias de excepci\u00f3n. El consorcio del GRESODI est\u00e1 coordinado por la <\/span><a href=\"https:\/\/harfaalapitvany.hu\/\" target=\"_blank\" rel=\"noopener\"><span style=\"font-weight: 400;\">Fundaci\u00f3n H\u00e1rfa<\/span><\/a><span style=\"font-weight: 400;\">, una red para el desarrollo regional con sede en Budapest y la consultor\u00eda empresarial y econ\u00f3mica E<\/span><a href=\"https:\/\/exante.hu\/en\/\"><span style=\"font-weight: 400;\">x-ante<\/span><\/a> <span style=\"font-weight: 400;\">(Hungr\u00eda), el<\/span> <a href=\"https:\/\/socialbusinesshub.at\/en\/\"><span style=\"font-weight: 400;\">Social Business Hub, Styria<\/span><\/a> <span style=\"font-weight: 400;\">de Graz (Austria) que aportar\u00e1 su experiencia como incubadora de empresas sociales y Facto Cooperativa en Catalu\u00f1a.<\/span> <\/p>\n<p><span style=\"font-weight: 400;\">Compartiremos la experiencia de FACTO y la de nuestras socias h\u00fangaras y austr\u00edacas para desarrollar una metodolog\u00eda conjunta para acompa\u00f1ar y formar en digitalizaci\u00f3n y sostenibilidad a las empresas catalanas.<\/span><\/p>\n<\/p>\n<h5><b>\u00bfQu\u00e9 haremos?<\/b><\/h5>\n<p><span style=\"font-weight: 400;\">Daremos a conocer la Econom\u00eda Social y Solidaria a trav\u00e9s de una campa\u00f1a transnacional de promoci\u00f3n de la innovaci\u00f3n social que empezar\u00e1 en marzo 2024. A lo largo de esta campa\u00f1a, haremos difusi\u00f3n en l\u00ednea y offline y organizaremos laboratorios de impacto y bootcamps para personas que tienen proyectos de emprendimiento social con componente verde y\/o digital en el \u00e1mbito rural.<\/span><\/p>\n<\/p>\n<h5><b>\u00bfQu\u00e9 son los laboratorios de impacto?<\/b><\/h5>\n<p><span style=\"font-weight: 400;\">En cada territorio del proyecto, se organizar\u00e1 una sesi\u00f3n de media jornada para aprender sobre los modelos de negocios que generan m\u00e1s impacto positivo, sobre todo en el medio ambiente, a trav\u00e9s de su cadena de valor: materiales utilizados, producci\u00f3n, ventas y la gesti\u00f3n de los recursos. <\/span><\/p>\n<\/p>\n<h5>\u00bf<b>Qu\u00e9 son los<\/b> <b><i>Bootcamps<\/i><\/b><b>?<\/b><\/h5>\n<p><span style=\"font-weight: 400;\">A lo largo de esta formaci\u00f3n intensiva, las iniciativas participantes podr\u00e1n aprender como hacer<\/span> <i><span style=\"font-weight: 400;\">pitch<\/span><\/i><span style=\"font-weight: 400;\"> de sus ideas de negocios sostenibles, as\u00ed como identificar sus necesidades en t\u00e9rminos de transici\u00f3n digital y verde. Los <\/span><i><span style=\"font-weight: 400;\">bootcamps<\/span><\/i> <span style=\"font-weight: 400;\">ser\u00e1n por los proyectos participantes una oportunidad de establecer cimientos s\u00f3lidos por sus futuros negocios.<\/span> <\/p>\n<\/p>\n<h5><b>\u00bfY el programa de incubaci\u00f3n?<\/b><\/h5>\n<p><span style=\"font-weight: 400;\">Desprendido de los laboratorios de impacto y los <em>bootcamps<\/em>, seleccionaremos 5 iniciativas de negocios sostenibles en cada pa\u00eds, 15 en total, para ser incubadas.<\/span> <span style=\"font-weight: 400;\">Las iniciativas seleccionadas se beneficiar\u00e1n de un programa de incubaci\u00f3n de 12 meses a lo largo del cual se organizar\u00e1n sesiones de formaci\u00f3n colectivas, as\u00ed como sesiones de mentor\u00eda individuales y sesiones de conectividad.<\/span><span style=\"font-weight: 400;\"> <\/span><\/p>\n<p><span style=\"font-weight: 400;\">Tots els projectes seleccionats podran participar de 2 sessions d\u2019enxarxament internacional durant les quals s\u2019organitzar\u00e0 un concurs del millor <\/span><i><span style=\"font-weight: 400;\">pitch<\/span><\/i><span style=\"font-weight: 400;\">. El proyecto con el mejor pitch ganar\u00e1 un viaje a uno de los territorios del proyecto para hacer intercambio de buenas pr\u00e1cticas y tendr\u00e1 acceso a una beca de 5.000 euros para facilitar la transformaci\u00f3n digital y verde de su empresa. <\/span><\/p>\n<p><span style=\"font-weight: 400;\">Pronto nos pondremos en marcha con la campa\u00f1a de sensibilizaci\u00f3n a la Innovaci\u00f3n social y el Laboratorio de impacto de Catalu\u00f1a. <\/span><b>\u00bfTienes un proyecto de negocio sostenible? \u00bfTe animas a participar? <\/b><\/p>\n<p><span style=\"font-weight: 400;\">Cont\u00e1ctanos en<\/span> <a href=\"mailto:info@facto.cat\"><span style=\"font-weight: 400;\">info@facto.cat<\/span><\/a> <span style=\"font-weight: 400;\">y \u00a1te informaremos encantadas!<\/span><\/p>\n\t\t\t\t\t\t\t<\/div>\r\n\t\t\t\t\t\t\t\t\t\t<\/div>\n\t\t\t\t<\/div>\n\t\t\t\t<div class=\"elementor-element elementor-element-847076b elementor-align-center elementor-button-info flex-horizontal-align-default flex-horizontal-align-tablet-default flex-horizontal-align-mobile-default flex-vertical-align-default flex-vertical-align-tablet-default flex-vertical-align-mobile-default elementor-widget elementor-widget-button\" data-id=\"847076b\" data-element_type=\"widget\" data-widget_type=\"button.default\">\n\t\t\t\t<div class=\"elementor-widget-container\">\n\t\t\t\t\t\t\t\t\t<div class=\"elementor-button-wrapper\">\n\t\t\t\t\t<a class=\"elementor-button elementor-button-link elementor-size-sm\" href=\"https:\/\/gresodi.eu\/\" target=\"_blank\">\n\t\t\t\t\t\t<span class=\"elementor-button-content-wrapper\">\n\t\t\t\t\t\t\t\t\t<span class=\"elementor-button-text\">IR A LA WEB DEL PROYECTO GRESODI<\/span>\n\t\t\t\t\t<\/span>\n\t\t\t\t\t<\/a>\n\t\t\t\t<\/div>\n\t\t\t\t\t\t\t\t<\/div>\n\t\t\t\t<\/div>\n\t\t\t\t<div class=\"elementor-element elementor-element-857bfef flex-horizontal-align-default flex-horizontal-align-tablet-default flex-horizontal-align-mobile-default flex-vertical-align-default flex-vertical-align-tablet-default flex-vertical-align-mobile-default elementor-widget elementor-widget-text-editor\" data-id=\"857bfef\" data-element_type=\"widget\" data-widget_type=\"text-editor.default\">\n\t\t\t\t<div class=\"elementor-widget-container\">\n\t\t\t\t\t\t\t\t\t\t\t\t<div class=\"elementor-text-editor elementor-clearfix\">\r\n\t\t\t\t\t\t<p>Proyecto impulsado por:\u00a0<\/p><p>\u00a0<\/p><p><img class=\"aligncenter wp-image-11272 size-full\" src=\"https:\/\/factocooperativa.com\/wp-content\/uploads\/2024\/02\/Logos_gresodi.jpg\" alt=\"\" width=\"1100\" height=\"192\" srcset=\"https:\/\/factocooperativa.com\/wp-content\/uploads\/2024\/02\/Logos_gresodi.jpg 1100w, https:\/\/factocooperativa.com\/wp-content\/uploads\/2024\/02\/Logos_gresodi-300x52.jpg 300w, https:\/\/factocooperativa.com\/wp-content\/uploads\/2024\/02\/Logos_gresodi-1024x179.jpg 1024w, https:\/\/factocooperativa.com\/wp-content\/uploads\/2024\/02\/Logos_gresodi-768x134.jpg 768w\" sizes=\"(max-width: 1100px) 100vw, 1100px\" \/><\/p>\t\t\t\t\t\t\t<\/div>\r\n\t\t\t\t\t\t\t\t\t\t<\/div>\n\t\t\t\t<\/div>\n\t\t\t\t\t<\/div>\n\t\t<\/div>\n\t\t\t\t\t<\/div><\/div>\r\n\t\t<\/section>\r\n\t\t\t\t<\/div>\n\t\t","protected":false},"excerpt":{"rendered":"<p>GRESODI (GREEN, Social and Digital transition via local impact ventures), un proyecto europeo para una transici\u00f3n social, digital y verde a trav\u00e9s de la inversi\u00f3n con impacto local.<\/p>\n","protected":false},"author":1,"featured_media":10888,"comment_status":"closed","ping_status":"closed","sticky":false,"template":"","format":"standard","meta":{"footnotes":""},"categories":[162,184,182],"tags":[],"class_list":{"0":"post-10921","1":"post","2":"type-post","3":"status-publish","4":"format-standard","5":"has-post-thumbnail","7":"category-encuentros-y-congresos","8":"category-gresodi-es","9":"category-gresodi-castellano"},"menu_order":0,"_links":{"self":[{"href":"https:\/\/factocooperativa.com\/es\/wp-json\/wp\/v2\/posts\/10921","targetHints":{"allow":["GET"]}}],"collection":[{"href":"https:\/\/factocooperativa.com\/es\/wp-json\/wp\/v2\/posts"}],"about":[{"href":"https:\/\/factocooperativa.com\/es\/wp-json\/wp\/v2\/types\/post"}],"author":[{"embeddable":true,"href":"https:\/\/factocooperativa.com\/es\/wp-json\/wp\/v2\/users\/1"}],"replies":[{"embeddable":true,"href":"https:\/\/factocooperativa.com\/es\/wp-json\/wp\/v2\/comments?post=10921"}],"version-history":[{"count":0,"href":"https:\/\/factocooperativa.com\/es\/wp-json\/wp\/v2\/posts\/10921\/revisions"}],"wp:featuredmedia":[{"embeddable":true,"href":"https:\/\/factocooperativa.com\/es\/wp-json\/wp\/v2\/media\/10888"}],"wp:attachment":[{"href":"https:\/\/factocooperativa.com\/es\/wp-json\/wp\/v2\/media?parent=10921"}],"wp:term":[{"taxonomy":"category","embeddable":true,"href":"https:\/\/factocooperativa.com\/es\/wp-json\/wp\/v2\/categories?post=10921"},{"taxonomy":"post_tag","embeddable":true,"href":"https:\/\/factocooperativa.com\/es\/wp-json\/wp\/v2\/tags?post=10921"}],"curies":[{"name":"wp","href":"https:\/\/api.w.org\/{rel}","templated":true}]}}