{"id":10376,"date":"2023-07-26T15:57:04","date_gmt":"2023-07-26T15:57:04","guid":{"rendered":"https:\/\/factocooperativa.com\/servicio-de-subvenciones-para-la-convocatoria-2023-de-lemfortim\/"},"modified":"2023-08-07T14:49:25","modified_gmt":"2023-08-07T14:49:25","slug":"servicio-de-subvenciones-para-la-convocatoria-2023-de-lemfortim","status":"publish","type":"post","link":"https:\/\/factocooperativa.com\/es\/servicio-de-subvenciones-para-la-convocatoria-2023-de-lemfortim\/","title":{"rendered":"SERVICIO DE SUBVENCIONES PARA LA CONVOCATORIA 2023 DE L&#8217;EMFORTIM"},"content":{"rendered":"\t\t<div data-elementor-type=\"wp-post\" data-elementor-id=\"10376\" class=\"elementor elementor-10376 elementor-10347\">\n\t\t\t\t\t\t<section class=\"elementor-section elementor-top-section elementor-element elementor-element-900345a elementor-section-boxed elementor-section-height-default elementor-section-height-default\" data-id=\"900345a\" data-element_type=\"section\">\r\n\t\t\t\t\t\t<div class=\"elementor-container elementor-column-gap-thegem\"><div class=\"elementor-row\">\r\n\t\t\t\t\t<div class=\"elementor-column elementor-col-100 elementor-top-column elementor-element elementor-element-7511fc7\" data-id=\"7511fc7\" data-element_type=\"column\">\n\t\t\t<div class=\"elementor-widget-wrap elementor-element-populated\">\n\t\t\t\t\t\t<div class=\"elementor-element elementor-element-4f2ecc6 flex-horizontal-align-default flex-horizontal-align-tablet-default flex-horizontal-align-mobile-default flex-vertical-align-default flex-vertical-align-tablet-default flex-vertical-align-mobile-default elementor-widget elementor-widget-heading\" data-id=\"4f2ecc6\" data-element_type=\"widget\" data-widget_type=\"heading.default\">\n\t\t\t\t<div class=\"elementor-widget-container\">\n\t\t\t\t\t<h2 class=\"elementor-heading-title elementor-size-default\">SERVICIO DE SUBVENCIONES PARA LA CONVOCATORIA 2023 DE L'EMFORTIM<\/h2>\t\t\t\t<\/div>\n\t\t\t\t<\/div>\n\t\t\t\t\t<\/div>\n\t\t<\/div>\n\t\t\t\t\t<\/div><\/div>\r\n\t\t<\/section>\r\n\t\t\t\t<section class=\"elementor-section elementor-top-section elementor-element elementor-element-53dc858 elementor-section-boxed elementor-section-height-default elementor-section-height-default\" data-id=\"53dc858\" data-element_type=\"section\">\r\n\t\t\t\t\t\t<div class=\"elementor-container elementor-column-gap-thegem\"><div class=\"elementor-row\">\r\n\t\t\t\t\t<div class=\"elementor-column elementor-col-100 elementor-top-column elementor-element elementor-element-f1565ae\" data-id=\"f1565ae\" data-element_type=\"column\">\n\t\t\t<div class=\"elementor-widget-wrap elementor-element-populated\">\n\t\t\t\t\t\t<div class=\"elementor-element elementor-element-78db57b flex-horizontal-align-default flex-horizontal-align-tablet-default flex-horizontal-align-mobile-default flex-vertical-align-default flex-vertical-align-tablet-default flex-vertical-align-mobile-default elementor-widget elementor-widget-text-editor\" data-id=\"78db57b\" data-element_type=\"widget\" data-widget_type=\"text-editor.default\">\n\t\t\t\t<div class=\"elementor-widget-container\">\n\t\t\t\t\t\t\t\t\t\t\t\t<div class=\"elementor-text-editor elementor-clearfix\">\r\n\t\t\t\t\t\t<p>El 3 de julio pasado se public\u00f3 la resoluci\u00f3n provisional de la convocatoria 2023 de las subvenciones del Ayuntamiento de Barcelona para el <strong>fortalecimiento de la econom\u00eda social y solidaria y para la intercooperaci\u00f3 en la estrategia #ESSBCN2030<\/strong>.<\/p>\n<p>Para aquellas entidades que hab\u00e9is sido propuestas como beneficiarias, especialmente aquellas que os hab\u00e9is presentado dentro del \u00e1mbito tem\u00e1tico A, enfocado al fortalecimiento (creaci\u00f3n y consolidaci\u00f3n) de entidades de ESS y, m\u00e1s concretamente, las modalidades Aa, Ab y Ad, nos gustar\u00eda recordaros que <strong>nuestros servicios de consultor\u00eda son considerados gastos subvencionables<\/strong> dentro de esta convocatoria. A continuaci\u00f3n, os detallamos los tipos de servicios que pueden adecuarse a vuestras necesidades.<\/p>\n<p><strong style=\"color: #3c3950; font-size: 22px; letter-spacing: 0.05em; text-transform: uppercase;\">\u00bfQu\u00e9 podemos hacer por vosotros? <\/strong><\/p>\n<ul>\n<li>Consultor\u00eda jur\u00eddica.<\/li>\n<li>Consultor\u00eda econ\u00f3mica para la elaboraci\u00f3n del plan de empresa y viabilidad o de planes de consolidaci\u00f3n econ\u00f3mica.<\/li>\n<li>Consultor\u00eda en comercializaci\u00f3n y marketing empresarial.<\/li>\n<li>Consultor\u00eda en procesos de organizaci\u00f3n y trabajo.<\/li>\n<li>Consultor\u00eda en digitalizaci\u00f3n.<\/li>\n<li>Investigaci\u00f3n y planificaci\u00f3n estrat\u00e9gica de financiaci\u00f3n p\u00fablica.<\/li>\n<li>Formaci\u00f3n en consolidaci\u00f3n empresarial<strong><a href=\"https:\/\/heyzine.com\/flip-book\/89864534f0.html\" target=\"_blank\" rel=\"noopener\"> (ver cat\u00e1logo)<\/a><\/strong>.<\/li>\n<\/ul>\n<p>Adem\u00e1s, si contrat\u00e1is nuestro <strong>servicio de subvenciones, os acompa\u00f1aremos para establecer una estrategia inicial de seguimiento y justificaci\u00f3n que os facilitar\u00e1 la gesti\u00f3n de la subvenci\u00f3n desde el principio del proyecto<\/strong>. Esto os permitir\u00e1 recopilar la documentaci\u00f3n justificativa de manera m\u00e1s eficiente, hacer un seguimiento adecuado del presupuesto y detectar posibles desviaciones a tiempo. Con este apoyo, podr\u00e9is garantizar una utilizaci\u00f3n efectiva y transparente de los fondos subvencionados.<\/p>\n<p>Para cualquier consulta o m\u00e1s informaci\u00f3n, estamos a vuestra disposici\u00f3n:<\/p>\t\t\t\t\t\t\t<\/div>\r\n\t\t\t\t\t\t\t\t\t\t<\/div>\n\t\t\t\t<\/div>\n\t\t\t\t<div class=\"elementor-element elementor-element-5f04e7e flex-horizontal-align-default flex-horizontal-align-tablet-default flex-horizontal-align-mobile-default flex-vertical-align-default flex-vertical-align-tablet-default flex-vertical-align-mobile-default elementor-widget elementor-widget-thegem-styledbutton\" data-id=\"5f04e7e\" data-element_type=\"widget\" data-settings=\"{&quot;thegem_button_skin&quot;:&quot;flat&quot;,&quot;add_icon&quot;:&quot;yes&quot;}\" data-widget_type=\"thegem-styledbutton.default\">\n\t\t\t\t<div class=\"elementor-widget-container\">\n\t\t\t\t\t\n<div class=\"gem-button-container gem-widget-button\">\n\n\t\t<a class=\"gem-button gem-button-size-small gem-button-text-weight-bold gem-button-style-flat\" href=\"mailto:subvencions@facto.cat\" target=\"_blank\">\n\t\t<span class=\"gem-inner-wrapper-btn\">\n\t\t\t\t\t\t\t<span class=\"gem-button-icon\">\n\t\t\t\t\t<i aria-hidden=\"true\" class=\"gem-elegant icon-mail-alt\"><\/i>\t\t\t\t<\/span>\n\t\t\t\t\t\t<span class=\"gem-text-button\">\n\t\t\t\tCONTACTAR CON EL SERVICIO DE SUBVENCIONES\t\t\t<\/span>\n\t\t<\/span>\n\t<\/a>\n\n\t\n<\/div>\t\t\t\t<\/div>\n\t\t\t\t<\/div>\n\t\t\t\t\t<\/div>\n\t\t<\/div>\n\t\t\t\t\t<\/div><\/div>\r\n\t\t<\/section>\r\n\t\t\t\t<\/div>\n\t\t","protected":false},"excerpt":{"rendered":"<p>El 3 de julio pasado se public\u00f3 la resoluci\u00f3n provisional de la convocatoria 2023 de las subvenciones del Ayuntamiento de Barcelona para el fortalecimiento de la econom\u00eda social y solidaria y para la intercooperaci\u00f3 en la estrategia #ESSBCN2030. <\/p>\n","protected":false},"author":1,"featured_media":10349,"comment_status":"closed","ping_status":"closed","sticky":false,"template":"","format":"standard","meta":{"footnotes":""},"categories":[73,75,71,42],"tags":[],"class_list":{"0":"post-10376","1":"post","2":"type-post","3":"status-publish","4":"format-standard","5":"has-post-thumbnail","7":"category-consultoria","8":"category-emprenedoria","9":"category-formacio","10":"category-subvencions"},"menu_order":0,"_links":{"self":[{"href":"https:\/\/factocooperativa.com\/es\/wp-json\/wp\/v2\/posts\/10376","targetHints":{"allow":["GET"]}}],"collection":[{"href":"https:\/\/factocooperativa.com\/es\/wp-json\/wp\/v2\/posts"}],"about":[{"href":"https:\/\/factocooperativa.com\/es\/wp-json\/wp\/v2\/types\/post"}],"author":[{"embeddable":true,"href":"https:\/\/factocooperativa.com\/es\/wp-json\/wp\/v2\/users\/1"}],"replies":[{"embeddable":true,"href":"https:\/\/factocooperativa.com\/es\/wp-json\/wp\/v2\/comments?post=10376"}],"version-history":[{"count":0,"href":"https:\/\/factocooperativa.com\/es\/wp-json\/wp\/v2\/posts\/10376\/revisions"}],"wp:featuredmedia":[{"embeddable":true,"href":"https:\/\/factocooperativa.com\/es\/wp-json\/wp\/v2\/media\/10349"}],"wp:attachment":[{"href":"https:\/\/factocooperativa.com\/es\/wp-json\/wp\/v2\/media?parent=10376"}],"wp:term":[{"taxonomy":"category","embeddable":true,"href":"https:\/\/factocooperativa.com\/es\/wp-json\/wp\/v2\/categories?post=10376"},{"taxonomy":"post_tag","embeddable":true,"href":"https:\/\/factocooperativa.com\/es\/wp-json\/wp\/v2\/tags?post=10376"}],"curies":[{"name":"wp","href":"https:\/\/api.w.org\/{rel}","templated":true}]}}