{"id":10370,"date":"2023-07-24T15:28:55","date_gmt":"2023-07-24T15:28:55","guid":{"rendered":"https:\/\/factocooperativa.com\/comfies-macondo-i-cdiap-garraf\/"},"modified":"2023-07-26T17:42:05","modified_gmt":"2023-07-26T17:42:05","slug":"comfies-macondo-i-cdiap-garraf","status":"publish","type":"post","link":"https:\/\/factocooperativa.com\/es\/comfies-macondo-i-cdiap-garraf\/","title":{"rendered":"\u200b\u200b\u00bbComfies\u00bb: Macondo y CDIAP Garra\u200b\u200bf"},"content":{"rendered":"\t\t<div data-elementor-type=\"wp-post\" data-elementor-id=\"10370\" class=\"elementor elementor-10370 elementor-10331\">\n\t\t\t\t\t\t<section class=\"elementor-section elementor-top-section elementor-element elementor-element-900345a elementor-section-boxed elementor-section-height-default elementor-section-height-default\" data-id=\"900345a\" data-element_type=\"section\">\r\n\t\t\t\t\t\t<div class=\"elementor-container elementor-column-gap-thegem\"><div class=\"elementor-row\">\r\n\t\t\t\t\t<div class=\"elementor-column elementor-col-100 elementor-top-column elementor-element elementor-element-7511fc7\" data-id=\"7511fc7\" data-element_type=\"column\">\n\t\t\t<div class=\"elementor-widget-wrap elementor-element-populated\">\n\t\t\t\t\t\t<div class=\"elementor-element elementor-element-4f2ecc6 flex-horizontal-align-default flex-horizontal-align-tablet-default flex-horizontal-align-mobile-default flex-vertical-align-default flex-vertical-align-tablet-default flex-vertical-align-mobile-default elementor-widget elementor-widget-heading\" data-id=\"4f2ecc6\" data-element_type=\"widget\" data-widget_type=\"heading.default\">\n\t\t\t\t<div class=\"elementor-widget-container\">\n\t\t\t\t\t<h2 class=\"elementor-heading-title elementor-size-default\">Comfies: asesoramiento para Macondo y CDIAP Garraf<\/h2>\t\t\t\t<\/div>\n\t\t\t\t<\/div>\n\t\t\t\t<div class=\"elementor-element elementor-element-ad5329c flex-horizontal-align-default flex-horizontal-align-tablet-default flex-horizontal-align-mobile-default flex-vertical-align-default flex-vertical-align-tablet-default flex-vertical-align-mobile-default elementor-widget elementor-widget-text-editor\" data-id=\"ad5329c\" data-element_type=\"widget\" data-widget_type=\"text-editor.default\">\n\t\t\t\t<div class=\"elementor-widget-container\">\n\t\t\t\t\t\t\t\t\t\t\t\t<div class=\"elementor-text-editor elementor-clearfix\">\r\n\t\t\t\t\t\t<p>\u00a1Un paso hacia un futuro prometedor!<\/p>\n\t\t\t\t\t\t\t<\/div>\r\n\t\t\t\t\t\t\t\t\t\t<\/div>\n\t\t\t\t<\/div>\n\t\t\t\t\t<\/div>\n\t\t<\/div>\n\t\t\t\t\t<\/div><\/div>\r\n\t\t<\/section>\r\n\t\t\t\t<section class=\"elementor-section elementor-top-section elementor-element elementor-element-53dc858 elementor-section-boxed elementor-section-height-default elementor-section-height-default\" data-id=\"53dc858\" data-element_type=\"section\">\r\n\t\t\t\t\t\t<div class=\"elementor-container elementor-column-gap-thegem\"><div class=\"elementor-row\">\r\n\t\t\t\t\t<div class=\"elementor-column elementor-col-100 elementor-top-column elementor-element elementor-element-f1565ae\" data-id=\"f1565ae\" data-element_type=\"column\">\n\t\t\t<div class=\"elementor-widget-wrap elementor-element-populated\">\n\t\t\t\t\t\t<div class=\"elementor-element elementor-element-78db57b flex-horizontal-align-default flex-horizontal-align-tablet-default flex-horizontal-align-mobile-default flex-vertical-align-default flex-vertical-align-tablet-default flex-vertical-align-mobile-default elementor-widget elementor-widget-text-editor\" data-id=\"78db57b\" data-element_type=\"widget\" data-widget_type=\"text-editor.default\">\n\t\t\t\t<div class=\"elementor-widget-container\">\n\t\t\t\t\t\t\t\t\t\t\t\t<div class=\"elementor-text-editor elementor-clearfix\">\r\n\t\t\t\t\t\t<p>El <b>Fondo de Inversi\u00f3n Social &#8216;<\/b><a href=\"https:\/\/comfies.cat\/\" target=\"_blank\" rel=\"noopener\"><b>Comfies<\/b><\/a><b>&#8216;<\/b> ha anunciado la concesi\u00f3n de dos becas de asesoramiento destinadas a impulsar el crecimiento y la consolidaci\u00f3n de dos proyectos con gran potencial: <b>Macondo y CDIAP Garraf<\/b>.<\/p><p>En primer lugar,\u00a0<a href=\"https:\/\/macondo.amilibro.com\/\" target=\"_blank\" rel=\"noopener\"><b>Macondo<\/b><\/a>, una estimada librer\u00eda situada a Sabadell, hab\u00eda anunciado su cierre. Sin embargo, una nueva esperanza naci\u00f3 cuando se revel\u00f3 que Macondo hab\u00eda sido adquirida por la iniciativa &#8216;<a href=\"http:\/\/malapeca.cat\/que-es\" target=\"_blank\" rel=\"noopener\"><b>Mala Pe\u00e7a<\/b><\/a>&#8216;. Esta adquisici\u00f3n ha permitido que Macondo renazca, abra las puertas nuevamente y contin\u00fae siendo un referente cultural para todos los habitantes de Sabadell y m\u00e1s all\u00e1.<\/p><p>Gracias a la beca de asesoramiento del Fondo &#8216;Comfies&#8217;, <b>Macondo contar\u00e1 con el apoyo necesario para mejorar su gesti\u00f3n, la promoci\u00f3n y la difusi\u00f3n de la cultura a trav\u00e9s de los libros<\/b>. Este acompa\u00f1amiento favorece la consolidaci\u00f3n de &#8216;Mala Pe\u00e7a&#8217; como una iniciativa exitosa, contribuyendo al empoderamiento del tejido cultural local.<\/p><p>Por otro lado, el Fondo &#8216;Comfies&#8217; tambi\u00e9n ha destinado una beca d&#8217;asesoramiento al\u00a0<a href=\"https:\/\/cdiapgarraf.cat\/web\/\" target=\"_blank\" rel=\"noopener\"><b>CDIAP Garraf<\/b><\/a>.\u00a0Esta entidad est\u00e1 dedica a <b>mejor la calidad de vida de las personas con diversidad funcional y a sus familias, ofreciendo servicios de atenci\u00f3n y soporte integral<\/b>.<\/p><p>A trav\u00e9s de la beca, CDIAP Garraf podr\u00e1 fortalecer su proyecto. Esta evoluci\u00f3n puede significar una <b>mejora significativa en su capacidad para atender y acompa\u00f1ar a las personas con diversidad funcional, adapt\u00e1ndose a sus necesidades espec\u00edficas e impulsando la inclusi\u00f3n y el desarrollo comunitario<\/b>.<\/p><p>El asesoramiento proporcionado por el Fondo &#8216;Comfies&#8217; ser\u00e1 fundamental para estas dos iniciativas, para el acompa\u00f1amiento experto que puede guiarlas hacia la consecuci\u00f3n de sus objetivos.<\/p><p>Ambas entidades, <b>Macondo y CDIAP Garraf<\/b>, representan ejemplos inspiradores de como el apoyo del fondo de inversi\u00f3n social puede contribuir de manera significativa al crecimiento y el impacto positivo en la sociedad. Los proyectos culturales y sociales son un pilar esencial para el futuro, y estas becas de asesoramiento son un paso firme en ese camino.<\/p><p>En definitiva, el otorgamiento de las becas de asesoramiento a Macondo y CDIAP Garraf ha marcado el inicio de un nuevo cap\u00edtulo para estas entidades, <b>donde el impulso, el crecimiento y la consolidaci\u00f3n las llevar\u00e1n a convertirse en agentes de cambio y bienestar para las comunidades que sirven<\/b>.\u00a0<\/p>\t\t\t\t\t\t\t<\/div>\r\n\t\t\t\t\t\t\t\t\t\t<\/div>\n\t\t\t\t<\/div>\n\t\t\t\t\t<\/div>\n\t\t<\/div>\n\t\t\t\t\t<\/div><\/div>\r\n\t\t<\/section>\r\n\t\t\t\t<section class=\"elementor-section elementor-top-section elementor-element elementor-element-988229a elementor-section-boxed elementor-section-height-default elementor-section-height-default\" data-id=\"988229a\" data-element_type=\"section\">\r\n\t\t\t\t\t\t<div class=\"elementor-container elementor-column-gap-thegem\"><div class=\"elementor-row\">\r\n\t\t\t\t\t<div class=\"elementor-column elementor-col-100 elementor-top-column elementor-element elementor-element-225ac91\" data-id=\"225ac91\" data-element_type=\"column\">\n\t\t\t<div class=\"elementor-widget-wrap elementor-element-populated\">\n\t\t\t\t\t\t<div class=\"elementor-element elementor-element-c6145ba flex-horizontal-align-default flex-horizontal-align-tablet-default flex-horizontal-align-mobile-default flex-vertical-align-default flex-vertical-align-tablet-default flex-vertical-align-mobile-default elementor-widget elementor-widget-text-editor\" data-id=\"c6145ba\" data-element_type=\"widget\" data-widget_type=\"text-editor.default\">\n\t\t\t\t<div class=\"elementor-widget-container\">\n\t\t\t\t\t\t\t\t\t\t\t\t<div class=\"elementor-text-editor elementor-clearfix\">\r\n\t\t\t\t\t\t<p>Proyecto promovido y financiado por:<\/p>\n\t\t\t\t\t\t\t<\/div>\r\n\t\t\t\t\t\t\t\t\t\t<\/div>\n\t\t\t\t<\/div>\n\t\t\t\t<div class=\"elementor-element elementor-element-8fb9f89 flex-horizontal-align-default flex-horizontal-align-tablet-default flex-horizontal-align-mobile-default flex-vertical-align-default flex-vertical-align-tablet-default flex-vertical-align-mobile-default elementor-widget elementor-widget-image\" data-id=\"8fb9f89\" data-element_type=\"widget\" data-widget_type=\"image.default\">\n\t\t\t\t<div class=\"elementor-widget-container\">\n\t\t\t\t\t\t\t\t\t\t\t\t\t\t\t<img src=\"https:\/\/factocooperativa.com\/wp-content\/uploads\/elementor\/thumbs\/logos_comfies-q9w3f3djax7tievvw7z46m1s7slhhk828aljqicdfa.jpg\" title=\"logos_comfies\" alt=\"logos_comfies\" loading=\"lazy\" \/>\t\t\t\t\t\t\t\t\t\t\t\t\t\t\t<\/div>\n\t\t\t\t<\/div>\n\t\t\t\t\t<\/div>\n\t\t<\/div>\n\t\t\t\t\t<\/div><\/div>\r\n\t\t<\/section>\r\n\t\t\t\t<\/div>\n\t\t","protected":false},"excerpt":{"rendered":"<p>El Fondo de Inversi\u00f3n Social \u00abComfies\u00bb ha anunciado la concesi\u00f3n de dos becas de asesoramiento destinadas a impulsar el crecimiento y la consolidaci\u00f3n de dos proyectos con gran potencial: Macondo y CDIAP Garraf.<\/p>\n","protected":false},"author":1,"featured_media":10342,"comment_status":"closed","ping_status":"closed","sticky":false,"template":"","format":"standard","meta":{"footnotes":""},"categories":[73,155,154,153],"tags":[],"class_list":{"0":"post-10370","1":"post","2":"type-post","3":"status-publish","4":"format-standard","5":"has-post-thumbnail","7":"category-consultoria","8":"category-emprendimiento","9":"category-innovacion","10":"category-subvenciones-y-ayudas"},"menu_order":0,"_links":{"self":[{"href":"https:\/\/factocooperativa.com\/es\/wp-json\/wp\/v2\/posts\/10370","targetHints":{"allow":["GET"]}}],"collection":[{"href":"https:\/\/factocooperativa.com\/es\/wp-json\/wp\/v2\/posts"}],"about":[{"href":"https:\/\/factocooperativa.com\/es\/wp-json\/wp\/v2\/types\/post"}],"author":[{"embeddable":true,"href":"https:\/\/factocooperativa.com\/es\/wp-json\/wp\/v2\/users\/1"}],"replies":[{"embeddable":true,"href":"https:\/\/factocooperativa.com\/es\/wp-json\/wp\/v2\/comments?post=10370"}],"version-history":[{"count":0,"href":"https:\/\/factocooperativa.com\/es\/wp-json\/wp\/v2\/posts\/10370\/revisions"}],"wp:featuredmedia":[{"embeddable":true,"href":"https:\/\/factocooperativa.com\/es\/wp-json\/wp\/v2\/media\/10342"}],"wp:attachment":[{"href":"https:\/\/factocooperativa.com\/es\/wp-json\/wp\/v2\/media?parent=10370"}],"wp:term":[{"taxonomy":"category","embeddable":true,"href":"https:\/\/factocooperativa.com\/es\/wp-json\/wp\/v2\/categories?post=10370"},{"taxonomy":"post_tag","embeddable":true,"href":"https:\/\/factocooperativa.com\/es\/wp-json\/wp\/v2\/tags?post=10370"}],"curies":[{"name":"wp","href":"https:\/\/api.w.org\/{rel}","templated":true}]}}